{"id":126558,"date":"2021-09-09T06:38:59","date_gmt":"2021-09-09T10:38:59","guid":{"rendered":"https:\/\/linitiative.ca\/International\/un-premier-bilan-de-4700-vaccines-par-jour\/"},"modified":"2021-09-09T06:38:59","modified_gmt":"2021-09-09T10:38:59","slug":"un-premier-bilan-de-4700-vaccines-par-jour","status":"publish","type":"post","link":"https:\/\/linitiative.ca\/International\/un-premier-bilan-de-4700-vaccines-par-jour\/","title":{"rendered":"Un premier bilan de 4700 vaccin\u00e9s par jour"},"content":{"rendered":"<div>\n<div class=\"sriret\"><img decoding=\"async\" src=\"https:\/\/linitiative.ca\/International\/wp-content\/uploads\/sites\/23\/2021\/09\/default-picture-709x366_c-22.jpg\"><\/div>\n<p class=\"p1\"><b>D<\/b>epuis le lancement de la campagne de vaccination massive anti-Covid le 4 septembre, un important battage m\u00e9diatique a \u00e9t\u00e9 men\u00e9 dans la wilaya de Constantine, avec l\u2019ouverture de 123 centres, afin d\u2019atteindre le but envisag\u00e9, soit la vaccination de 70% de la population.<\/p>\n<p class=\"p1\">Sachant qu\u2019un net recul du nombre des vaccin\u00e9s a \u00e9t\u00e9 d\u00e9plor\u00e9 durant le mois d\u2019ao\u00fbt \u00e9coul\u00e9, entre 500 et 600 personnes par jour. Mais quelle \u00e9valuation peut-on faire depuis \u00abThe Big Day\u00bb\u00a0? Le premier fait marquant r\u00e9side dans la r\u00e9ticence qui persiste toujours, surtout qu\u2019une grande partie des centres ouverts pour cette action demeurent d\u00e9serts durant la journ\u00e9e. Notons, \u00e0 titre d\u2019exemple, ceux du centre-ville de Constantine, \u00e0 l\u2019instar du palais de la culture Mohamed El A\u00efd El Khalifa, qui avait connu durant le mois de juillet un rush des citoyens.<\/p>\n<p>*Retrouvez l\u2019inte\u0301gralite\u0301 de nos articles sur la version papier<\/p>\n<p>L\u2019article <a rel=\"nofollow\" href=\"https:\/\/www.elwatan.com\/edition\/actualite\/un-premier-bilan-de-4700-vaccines-par-jour-09-09-2021\">Un premier bilan de 4700 vaccin\u00e9s par jour<\/a> est apparu en premier sur <a rel=\"nofollow\" href=\"https:\/\/www.elwatan.com\/\">El Watan<\/a>.<\/p>\n<\/div>\n<p>Auteur: Hicham Chouadria<br \/>\n<a href=\"https:\/\/www.elwatan.com\/edition\/actualite\/un-premier-bilan-de-4700-vaccines-par-jour-09-09-2021\">Cliquez ici pour lire l&rsquo;article depuis sa source.<\/a><\/p>\n","protected":false},"excerpt":{"rendered":"<p>Depuis le lancement de la campagne de vaccination massive anti-Covid le 4 septembre, un important battage m\u00e9diatique a \u00e9t\u00e9 men\u00e9 dans la wilaya de Constantine, avec l\u2019ouverture de 123 centres, afin d\u2019atteindre le but envisag\u00e9, soit la vaccination de 70% de la population. Sachant qu\u2019un net recul du nombre des vaccin\u00e9s a \u00e9t\u00e9 d\u00e9plor\u00e9 durant [&hellip;]<\/p>\n","protected":false},"author":1743,"featured_media":0,"comment_status":"closed","ping_status":"closed","sticky":false,"template":"","format":"standard","meta":{"fifu_image_url":"https:\/\/www.elwatan.com\/wp-content\/themes\/spectr\/img\/default-picture-709x366_c.jpg","fifu_image_alt":"Un premier bilan de 4700 vaccin\u00e9s par jour","footnotes":""},"categories":[73,53],"tags":[],"class_list":["post-126558","post","type-post","status-publish","format-standard","hentry","category-actualite","category-algerie"],"_links":{"self":[{"href":"https:\/\/linitiative.ca\/International\/wp-json\/wp\/v2\/posts\/126558","targetHints":{"allow":["GET"]}}],"collection":[{"href":"https:\/\/linitiative.ca\/International\/wp-json\/wp\/v2\/posts"}],"about":[{"href":"https:\/\/linitiative.ca\/International\/wp-json\/wp\/v2\/types\/post"}],"author":[{"embeddable":true,"href":"https:\/\/linitiative.ca\/International\/wp-json\/wp\/v2\/users\/1743"}],"replies":[{"embeddable":true,"href":"https:\/\/linitiative.ca\/International\/wp-json\/wp\/v2\/comments?post=126558"}],"version-history":[{"count":0,"href":"https:\/\/linitiative.ca\/International\/wp-json\/wp\/v2\/posts\/126558\/revisions"}],"wp:attachment":[{"href":"https:\/\/linitiative.ca\/International\/wp-json\/wp\/v2\/media?parent=126558"}],"wp:term":[{"taxonomy":"category","embeddable":true,"href":"https:\/\/linitiative.ca\/International\/wp-json\/wp\/v2\/categories?post=126558"},{"taxonomy":"post_tag","embeddable":true,"href":"https:\/\/linitiative.ca\/International\/wp-json\/wp\/v2\/tags?post=126558"}],"curies":[{"name":"wp","href":"https:\/\/api.w.org\/{rel}","templated":true}]}}