{"id":126560,"date":"2021-09-09T06:40:30","date_gmt":"2021-09-09T10:40:30","guid":{"rendered":"https:\/\/linitiative.ca\/International\/la-campagne-nationale-de-vaccination-contre-la-covid-19-prolongee-dune-semaine-big-day-limbroglio\/"},"modified":"2021-09-09T06:40:30","modified_gmt":"2021-09-09T10:40:30","slug":"la-campagne-nationale-de-vaccination-contre-la-covid-19-prolongee-dune-semaine-big-day-limbroglio","status":"publish","type":"post","link":"https:\/\/linitiative.ca\/International\/la-campagne-nationale-de-vaccination-contre-la-covid-19-prolongee-dune-semaine-big-day-limbroglio\/","title":{"rendered":"La campagne nationale de vaccination contre la covid-19 prolong\u00e9e d\u2019une semaine : \u00abBig Day\u00bb, l\u2019imbroglio"},"content":{"rendered":"<div>\n<div class=\"sriret\"><img loading=\"lazy\" decoding=\"async\" width=\"800\" height=\"449\" src=\"https:\/\/linitiative.ca\/International\/wp-content\/uploads\/sites\/23\/2021\/09\/campagne-de-vaccination-1-e1623104015107.jpg\" class=\"attachment-featured_large size-featured_large wp-post-image\" alt=\"\" style=\"margin-bottom: 15px;\"><\/div>\n<p class=\"p1\"><b>L<\/b>a conf\u00e9rence de presse pour l\u2019\u00e9valuation g\u00e9n\u00e9rale en chiffre de la semaine nationale de vaccination contre la Covid-19 pr\u00e9vue pour le samedi 11 septembre et qui sera diffus\u00e9e en direct par toutes les cha\u00eenes de t\u00e9l\u00e9vision et sites web, baptis\u00e9e le \u00abBig Day\u00bb, n\u2019aura pas lieu. Le minist\u00e8re de la Sant\u00e9 a d\u00e9cid\u00e9 de prolonger cette campagne de vaccination, lanc\u00e9e depuis le 4 septembre et qualifi\u00e9e de la plus grande campagne nationale de vaccination, jusqu\u2019au 18 septembre, lit-on sur sa page Facebook, tout en justifiant que \u00ab<i>la d\u00e9cision a \u00e9t\u00e9 prise, vu l\u2019engouement de la population pour la vaccination enregistr\u00e9 au cours de cette semaine<\/i>\u00bb, sans autres pr\u00e9cisions.<\/p>\n<p class=\"p2\">La co\u00efncidence du \u00abBig Day\u00bb du 11 septembre avec le 20<sup>e<\/sup> anniversaire des attentats terroristes qui ont frapp\u00e9 les Etats-Unis et boulevers\u00e9 le monde en 2001 serait, selon des sources s\u00fbres, la raison principale de ce report et de la prolongation de la campagne qui devrait, selon des experts, se poursuivre encore sans date limite.<\/p>\n<p>*Retrouvez l\u2019inte\u0301gralite\u0301 de nos articles sur la version papier<\/p>\n<p>L\u2019article <a rel=\"nofollow\" href=\"https:\/\/www.elwatan.com\/a-la-une\/la-campagne-nationale-de-vaccination-contre-la-covid-19-prolongee-dune-semaine-big-day-limbroglio-09-09-2021\">La campagne nationale de vaccination contre la covid-19 prolong\u00e9e d\u2019une semaine : \u00abBig Day\u00bb, l\u2019imbroglio<\/a> est apparu en premier sur <a rel=\"nofollow\" href=\"https:\/\/www.elwatan.com\/\">El Watan<\/a>.<\/p>\n<\/div>\n<p>Auteur: Hicham Chouadria<br \/>\n<a href=\"https:\/\/www.elwatan.com\/a-la-une\/la-campagne-nationale-de-vaccination-contre-la-covid-19-prolongee-dune-semaine-big-day-limbroglio-09-09-2021\">Cliquez ici pour lire l&rsquo;article depuis sa source.<\/a><\/p>\n","protected":false},"excerpt":{"rendered":"<p>La conf\u00e9rence de presse pour l\u2019\u00e9valuation g\u00e9n\u00e9rale en chiffre de la semaine nationale de vaccination contre la Covid-19 pr\u00e9vue pour le samedi 11 septembre et qui sera diffus\u00e9e en direct par toutes les cha\u00eenes de t\u00e9l\u00e9vision et sites web, baptis\u00e9e le \u00abBig Day\u00bb, n\u2019aura pas lieu. Le minist\u00e8re de la Sant\u00e9 a d\u00e9cid\u00e9 de prolonger [&hellip;]<\/p>\n","protected":false},"author":1743,"featured_media":0,"comment_status":"closed","ping_status":"closed","sticky":false,"template":"","format":"standard","meta":{"fifu_image_url":"https:\/\/www.elwatan.com\/wp-content\/uploads\/2021\/06\/campagne-de-vaccination-1-e1623104015107.jpg","fifu_image_alt":"La campagne nationale de vaccination contre la covid-19 prolong\u00e9e d\u2019une semaine : \u00abBig Day\u00bb, l\u2019imbroglio","footnotes":""},"categories":[73,53],"tags":[],"class_list":["post-126560","post","type-post","status-publish","format-standard","hentry","category-actualite","category-algerie"],"_links":{"self":[{"href":"https:\/\/linitiative.ca\/International\/wp-json\/wp\/v2\/posts\/126560","targetHints":{"allow":["GET"]}}],"collection":[{"href":"https:\/\/linitiative.ca\/International\/wp-json\/wp\/v2\/posts"}],"about":[{"href":"https:\/\/linitiative.ca\/International\/wp-json\/wp\/v2\/types\/post"}],"author":[{"embeddable":true,"href":"https:\/\/linitiative.ca\/International\/wp-json\/wp\/v2\/users\/1743"}],"replies":[{"embeddable":true,"href":"https:\/\/linitiative.ca\/International\/wp-json\/wp\/v2\/comments?post=126560"}],"version-history":[{"count":0,"href":"https:\/\/linitiative.ca\/International\/wp-json\/wp\/v2\/posts\/126560\/revisions"}],"wp:attachment":[{"href":"https:\/\/linitiative.ca\/International\/wp-json\/wp\/v2\/media?parent=126560"}],"wp:term":[{"taxonomy":"category","embeddable":true,"href":"https:\/\/linitiative.ca\/International\/wp-json\/wp\/v2\/categories?post=126560"},{"taxonomy":"post_tag","embeddable":true,"href":"https:\/\/linitiative.ca\/International\/wp-json\/wp\/v2\/tags?post=126560"}],"curies":[{"name":"wp","href":"https:\/\/api.w.org\/{rel}","templated":true}]}}