{"id":126562,"date":"2021-09-09T08:49:00","date_gmt":"2021-09-09T12:49:00","guid":{"rendered":"https:\/\/linitiative.ca\/International\/ameur-horchani-lhydraulicien\/"},"modified":"2021-09-09T08:49:00","modified_gmt":"2021-09-09T12:49:00","slug":"ameur-horchani-lhydraulicien","status":"publish","type":"post","link":"https:\/\/linitiative.ca\/International\/ameur-horchani-lhydraulicien\/","title":{"rendered":"Ameur Horchani: L\u2019hydraulicien"},"content":{"rendered":"<div><img decoding=\"async\" src=\"https:\/\/linitiative.ca\/International\/wp-content\/uploads\/sites\/23\/2021\/09\/1631190757_article.jpg\" alt=\"Ameur Horchani: L\u2019hydraulicien\" align=\"left\">Par Mohamed Ennabli &#8211; Docteur ing\u00e9nieur en hydraulique, form\u00e9 \u00e0 Grenoble au d\u00e9but des ann\u00e9es 60, Ameur Horchani, ing\u00e9nieur g\u00e9n\u00e9ral, laisse apr\u00e8s son d\u00e9c\u00e8s le 5 ao\u00fbt dernier, \u00e0 l\u2019\u00e2ge de 83 ans, le souvenir d\u2019un \u00e9minent sp\u00e9cialiste de l\u2019eau, doubl\u00e9 d\u2019un grand serviteur de l\u2019\u00c9tat. Il int\u00e9gra d\u00e8s 1964 le minist\u00e8re de l\u2019Agriculture au sein duquel il fut secr\u00e9taire d\u2019\u00c9tat en charge du secteur de l\u2019eau, 17 ans durant, sans discontinuit\u00e9, d\u2019avril 1988 \u00e0 ao\u00fbt 2005. Hommage.<br \/>\nAu-del\u00e0 de la perte d\u2019un coll\u00e8gue, d\u2019un ami de longue date, la disparition de celui qui, quatre d\u00e9cennies durant, a \u00e9t\u00e9 l\u2019une des figures marquantes des b\u00e2tisseurs de la &#8230;<\/p>\n<\/div>\n<p>Auteur:<br \/>\n<a href=\"https:\/\/www.leaders.com.tn\/article\/32382-ameur-horchani-l-hydraulicien\">Cliquez ici pour lire l&rsquo;article depuis sa source.<\/a><\/p>\n","protected":false},"excerpt":{"rendered":"<p>Par Mohamed Ennabli &#8211; Docteur ing\u00e9nieur en hydraulique, form\u00e9 \u00e0 Grenoble au d\u00e9but des ann\u00e9es 60, Ameur Horchani, ing\u00e9nieur g\u00e9n\u00e9ral, laisse apr\u00e8s son d\u00e9c\u00e8s le 5 ao\u00fbt dernier, \u00e0 l\u2019\u00e2ge de 83 ans, le souvenir d\u2019un \u00e9minent sp\u00e9cialiste de l\u2019eau, doubl\u00e9 d\u2019un grand serviteur de l\u2019\u00c9tat. Il int\u00e9gra d\u00e8s 1964 le minist\u00e8re de l\u2019Agriculture au [&hellip;]<\/p>\n","protected":false},"author":1772,"featured_media":0,"comment_status":"closed","ping_status":"closed","sticky":false,"template":"","format":"standard","meta":{"fifu_image_url":"http:\/\/www.leaders.com.tn\/uploads\/content\/thumbnails_small\/1631190757_article.jpg","fifu_image_alt":"Ameur Horchani: L\u2019hydraulicien","footnotes":""},"categories":[73,55],"tags":[],"class_list":["post-126562","post","type-post","status-publish","format-standard","hentry","category-actualite","category-tunisie"],"_links":{"self":[{"href":"https:\/\/linitiative.ca\/International\/wp-json\/wp\/v2\/posts\/126562","targetHints":{"allow":["GET"]}}],"collection":[{"href":"https:\/\/linitiative.ca\/International\/wp-json\/wp\/v2\/posts"}],"about":[{"href":"https:\/\/linitiative.ca\/International\/wp-json\/wp\/v2\/types\/post"}],"author":[{"embeddable":true,"href":"https:\/\/linitiative.ca\/International\/wp-json\/wp\/v2\/users\/1772"}],"replies":[{"embeddable":true,"href":"https:\/\/linitiative.ca\/International\/wp-json\/wp\/v2\/comments?post=126562"}],"version-history":[{"count":0,"href":"https:\/\/linitiative.ca\/International\/wp-json\/wp\/v2\/posts\/126562\/revisions"}],"wp:attachment":[{"href":"https:\/\/linitiative.ca\/International\/wp-json\/wp\/v2\/media?parent=126562"}],"wp:term":[{"taxonomy":"category","embeddable":true,"href":"https:\/\/linitiative.ca\/International\/wp-json\/wp\/v2\/categories?post=126562"},{"taxonomy":"post_tag","embeddable":true,"href":"https:\/\/linitiative.ca\/International\/wp-json\/wp\/v2\/tags?post=126562"}],"curies":[{"name":"wp","href":"https:\/\/api.w.org\/{rel}","templated":true}]}}