{"id":126564,"date":"2021-09-09T11:36:00","date_gmt":"2021-09-09T15:36:00","guid":{"rendered":"https:\/\/linitiative.ca\/International\/cluster-servagri-reussit-son-webinaire-les-impacts-du-changement-climatique-sur-loleiculture-et-sur-la-securite-alimentaire\/"},"modified":"2021-09-09T11:36:00","modified_gmt":"2021-09-09T15:36:00","slug":"cluster-servagri-reussit-son-webinaire-les-impacts-du-changement-climatique-sur-loleiculture-et-sur-la-securite-alimentaire","status":"publish","type":"post","link":"https:\/\/linitiative.ca\/International\/cluster-servagri-reussit-son-webinaire-les-impacts-du-changement-climatique-sur-loleiculture-et-sur-la-securite-alimentaire\/","title":{"rendered":"Cluster Servagri r\u00e9ussit son webinaire: Les impacts du changement climatique sur l\u2019ol\u00e9iculture et sur la s\u00e9curit\u00e9 alimentaire!"},"content":{"rendered":"<div><img decoding=\"async\" src=\"https:\/\/linitiative.ca\/International\/wp-content\/uploads\/sites\/23\/2021\/09\/1631200418_article.jpg\" alt=\"Cluster Servagri r\u00e9ussit son webinaire: \u00abLes impacts du changement climatique sur l\u2019ol\u00e9iculture et sur la s\u00e9curit\u00e9 alimentaire\u00bb!\" align=\"left\">Par Asma Mami Maazoun &#8211;\u00a0 Le \u00abGroupe d\u2019Action Locale Eloro\u00bb, chef de file du projet Cluster Servagri, en collaboration avec l\u2019Observatoire Servagri, a organis\u00e9 le vendredi 3 septembre son webinaire, intitul\u00e9 \u00abImpacts des effets du changement climatique dans la zone transfrontali\u00e8re tuniso-italienne : \u00e9tat de l\u2019art et perspectives\u00bb, et ce dans le cadre du Programme IEV de Coop\u00e9ration Transfrontali\u00e8re \u00abItalie-Tunisie\u00bb 2014\/2020.<br \/>\nLa r\u00e9ussite de ce webinaire aupr\u00e8s de la communaut\u00e9 scientifique, des acteurs de la fili\u00e8re ol\u00e9icole et de la soci\u00e9t\u00e9 civile s\u2019est concr\u00e9tis\u00e9e \u00e0 travers la richesse des propositions d\u00e9velopp\u00e9es et des actions d\u00e9finies afin de mettre &#8230;<\/p>\n<\/div>\n<p>Auteur:<br \/>\n<a href=\"https:\/\/www.leaders.com.tn\/article\/32383-cluster-servagri-reussit-son-webinaire-les-impacts-du-changement-climatique-sur-l-oleiculture-et-sur-la-securite-alimentaire\">Cliquez ici pour lire l&rsquo;article depuis sa source.<\/a><\/p>\n","protected":false},"excerpt":{"rendered":"<p>Par Asma Mami Maazoun &#8211;\u00a0 Le \u00abGroupe d\u2019Action Locale Eloro\u00bb, chef de file du projet Cluster Servagri, en collaboration avec l\u2019Observatoire Servagri, a organis\u00e9 le vendredi 3 septembre son webinaire, intitul\u00e9 \u00abImpacts des effets du changement climatique dans la zone transfrontali\u00e8re tuniso-italienne : \u00e9tat de l\u2019art et perspectives\u00bb, et ce dans le cadre du Programme [&hellip;]<\/p>\n","protected":false},"author":1772,"featured_media":0,"comment_status":"closed","ping_status":"closed","sticky":false,"template":"","format":"standard","meta":{"fifu_image_url":"http:\/\/www.leaders.com.tn\/uploads\/content\/thumbnails_small\/1631200418_article.jpg","fifu_image_alt":"Cluster Servagri r\u00e9ussit son webinaire: Les impacts du changement climatique sur l\u2019ol\u00e9iculture et sur la s\u00e9curit\u00e9 alimentaire!","footnotes":""},"categories":[73,55],"tags":[],"class_list":["post-126564","post","type-post","status-publish","format-standard","hentry","category-actualite","category-tunisie"],"_links":{"self":[{"href":"https:\/\/linitiative.ca\/International\/wp-json\/wp\/v2\/posts\/126564","targetHints":{"allow":["GET"]}}],"collection":[{"href":"https:\/\/linitiative.ca\/International\/wp-json\/wp\/v2\/posts"}],"about":[{"href":"https:\/\/linitiative.ca\/International\/wp-json\/wp\/v2\/types\/post"}],"author":[{"embeddable":true,"href":"https:\/\/linitiative.ca\/International\/wp-json\/wp\/v2\/users\/1772"}],"replies":[{"embeddable":true,"href":"https:\/\/linitiative.ca\/International\/wp-json\/wp\/v2\/comments?post=126564"}],"version-history":[{"count":0,"href":"https:\/\/linitiative.ca\/International\/wp-json\/wp\/v2\/posts\/126564\/revisions"}],"wp:attachment":[{"href":"https:\/\/linitiative.ca\/International\/wp-json\/wp\/v2\/media?parent=126564"}],"wp:term":[{"taxonomy":"category","embeddable":true,"href":"https:\/\/linitiative.ca\/International\/wp-json\/wp\/v2\/categories?post=126564"},{"taxonomy":"post_tag","embeddable":true,"href":"https:\/\/linitiative.ca\/International\/wp-json\/wp\/v2\/tags?post=126564"}],"curies":[{"name":"wp","href":"https:\/\/api.w.org\/{rel}","templated":true}]}}