{"id":126568,"date":"2021-09-09T17:05:14","date_gmt":"2021-09-09T21:05:14","guid":{"rendered":"https:\/\/linitiative.ca\/International\/adieu-dr-taoufik-aloulou-le-corps-medical-tunisien-vient-de-perdre-lun-de-ses-valeureux-membres\/"},"modified":"2021-09-09T17:05:14","modified_gmt":"2021-09-09T21:05:14","slug":"adieu-dr-taoufik-aloulou-le-corps-medical-tunisien-vient-de-perdre-lun-de-ses-valeureux-membres","status":"publish","type":"post","link":"https:\/\/linitiative.ca\/International\/adieu-dr-taoufik-aloulou-le-corps-medical-tunisien-vient-de-perdre-lun-de-ses-valeureux-membres\/","title":{"rendered":"Adieu  Dr. Taoufik  Aloulou : Le corps m\u00e9dical tunisien vient de perdre l&rsquo;un de ses valeureux membres"},"content":{"rendered":"<div><img decoding=\"async\" src=\"https:\/\/linitiative.ca\/International\/wp-content\/uploads\/sites\/23\/2021\/09\/1631219021_article.jpg\" alt=\"Adieu  Dr. Taoufik  Aloulou : Le corps m\u00e9dical tunisien vient de perdre l\" un de ses valeureux membres align=\"left\">Par Dr Abdelaziz Messaoudi &#8211; D\u00e9c\u00e9d\u00e9 aujourd\u2019hui,\u00a0 jeudi 09 septembre\u00a0 au petit matin,\u00a0\u00a0 des complications d&rsquo;une longue et m\u00e9chante maladie. Pour celles et ceux qui ont eu la chance de le connaitre de pr\u00e8s- et j&rsquo;en fais partie-, Dr Taoufik Aloulou est un personnage attachant, de soci\u00e9t\u00e9 agr\u00e9able, bon vivant, loyal et surtout un homme de principes. D\u00e8s son entr\u00e9e \u00e0 l&rsquo;universit\u00e9\u00a0 au d\u00e9but des ann\u00e9es 70, il avait pris part\u00a0 aux d\u00e9bats anim\u00e9s qui agitaient le monde \u00e9tudiant de l&rsquo;\u00e9poque et s&rsquo;\u00e9tait\u00a0 activement impliqu\u00e9 dans les luttes pour la d\u00e9mocratie, la justice sociale et l&rsquo;autonomie de l&rsquo;UGET qui \u00e9tait alors sous l&#8217;emprise du parti destourien au pouvoir. Cela &#8230;<\/p>\n<\/div>\n<p>Auteur:<br \/>\n<a href=\"https:\/\/www.leaders.com.tn\/article\/32385-adieu-dr-taoufik-aloulou-le-corps-medical-tunisien-vient-de-perdre-l-un-de-ses-valeureux-membres\">Cliquez ici pour lire l&rsquo;article depuis sa source.<\/a><\/p>\n","protected":false},"excerpt":{"rendered":"<p>Par Dr Abdelaziz Messaoudi &#8211; D\u00e9c\u00e9d\u00e9 aujourd\u2019hui,\u00a0 jeudi 09 septembre\u00a0 au petit matin,\u00a0\u00a0 des complications d&rsquo;une longue et m\u00e9chante maladie. Pour celles et ceux qui ont eu la chance de le connaitre de pr\u00e8s- et j&rsquo;en fais partie-, Dr Taoufik Aloulou est un personnage attachant, de soci\u00e9t\u00e9 agr\u00e9able, bon vivant, loyal et surtout un homme [&hellip;]<\/p>\n","protected":false},"author":1772,"featured_media":0,"comment_status":"closed","ping_status":"closed","sticky":false,"template":"","format":"standard","meta":{"fifu_image_url":"http:\/\/www.leaders.com.tn\/uploads\/content\/thumbnails_small\/1631219021_article.jpg","fifu_image_alt":"<div>Adieu  Dr. Taoufik  Aloulou : Le corps m\u00e9dical tunisien vient de perdre l'un de ses valeureux membres<\/div>","footnotes":""},"categories":[73,55],"tags":[],"class_list":["post-126568","post","type-post","status-publish","format-standard","hentry","category-actualite","category-tunisie"],"_links":{"self":[{"href":"https:\/\/linitiative.ca\/International\/wp-json\/wp\/v2\/posts\/126568","targetHints":{"allow":["GET"]}}],"collection":[{"href":"https:\/\/linitiative.ca\/International\/wp-json\/wp\/v2\/posts"}],"about":[{"href":"https:\/\/linitiative.ca\/International\/wp-json\/wp\/v2\/types\/post"}],"author":[{"embeddable":true,"href":"https:\/\/linitiative.ca\/International\/wp-json\/wp\/v2\/users\/1772"}],"replies":[{"embeddable":true,"href":"https:\/\/linitiative.ca\/International\/wp-json\/wp\/v2\/comments?post=126568"}],"version-history":[{"count":0,"href":"https:\/\/linitiative.ca\/International\/wp-json\/wp\/v2\/posts\/126568\/revisions"}],"wp:attachment":[{"href":"https:\/\/linitiative.ca\/International\/wp-json\/wp\/v2\/media?parent=126568"}],"wp:term":[{"taxonomy":"category","embeddable":true,"href":"https:\/\/linitiative.ca\/International\/wp-json\/wp\/v2\/categories?post=126568"},{"taxonomy":"post_tag","embeddable":true,"href":"https:\/\/linitiative.ca\/International\/wp-json\/wp\/v2\/tags?post=126568"}],"curies":[{"name":"wp","href":"https:\/\/api.w.org\/{rel}","templated":true}]}}