{"id":126574,"date":"2021-09-09T08:22:29","date_gmt":"2021-09-09T12:22:29","guid":{"rendered":"https:\/\/linitiative.ca\/International\/aziz-akhannouch-le-rni-salliera-aux-partis-qui-partagent-les-memes-principes-et-la-meme-vision-de-son-programme\/"},"modified":"2021-09-09T08:22:29","modified_gmt":"2021-09-09T12:22:29","slug":"aziz-akhannouch-le-rni-salliera-aux-partis-qui-partagent-les-memes-principes-et-la-meme-vision-de-son-programme","status":"publish","type":"post","link":"https:\/\/linitiative.ca\/International\/aziz-akhannouch-le-rni-salliera-aux-partis-qui-partagent-les-memes-principes-et-la-meme-vision-de-son-programme\/","title":{"rendered":"Aziz Akhannouch : \u00abLe RNI s\u2019alliera aux partis qui partagent les m\u00eames principes et la m\u00eame vision de son programme\u00bb"},"content":{"rendered":"<div><img decoding=\"async\" width=\"1020\" height=\"648\" src=\"https:\/\/linitiative.ca\/International\/wp-content\/uploads\/sites\/23\/2021\/09\/693e7cdf-10ad-4aab-ae4c-179d2b8843f9-1.jpg\" class=\"attachment-post-thumbnail size-post-thumbnail wp-post-image\" alt=\"\" loading=\"lazy\" srcset=\"https:\/\/linitiative.ca\/International\/wp-content\/uploads\/sites\/23\/2021\/09\/693e7cdf-10ad-4aab-ae4c-179d2b8843f9-1.jpg 1020w, https:\/\/www.challenge.ma\/wp-content\/uploads\/2021\/09\/693e7cdf-10ad-4aab-ae4c-179d2b8843f9-1-300x191.jpg 300w, https:\/\/www.challenge.ma\/wp-content\/uploads\/2021\/09\/693e7cdf-10ad-4aab-ae4c-179d2b8843f9-1-768x488.jpg 768w, https:\/\/www.challenge.ma\/wp-content\/uploads\/2021\/09\/693e7cdf-10ad-4aab-ae4c-179d2b8843f9-1-360x229.jpg 360w, https:\/\/www.challenge.ma\/wp-content\/uploads\/2021\/09\/693e7cdf-10ad-4aab-ae4c-179d2b8843f9-1-750x476.jpg 750w\" sizes=\"auto, (max-width: 1020px) 100vw, 1020px\" itemprop=\"image\">Le Pr\u00e9sident du Rassemblement national des ind\u00e9pendants (RNI), Aziz Akhannouch vient de tenir sa premi\u00e8re conf\u00e9rence apr\u00e8s la grande victoire enregistr\u00e9e (97 si\u00e8ges) \u00a0dans le cadre des \u00e9lections l\u00e9gislatives du 8 septembre 2021. Aziz Akhannouch a tenu, d\u2019entr\u00e9e, \u00e0 remercier toute la jeunesse marocaine pour s\u2019\u00eatre mobilis\u00e9e massivement lors de<\/div>\n<p>Auteur: challenge<br \/>\n<a href=\"https:\/\/www.challenge.ma\/aziz-akhannouch-le-rni-salliera-aux-partis-qui-partagent-les-memes-principes-et-la-meme-vision-de-son-programme-220104\/\">Cliquez ici pour lire l&rsquo;article depuis sa source.<\/a><\/p>\n","protected":false},"excerpt":{"rendered":"<p>Le Pr\u00e9sident du Rassemblement national des ind\u00e9pendants (RNI), Aziz Akhannouch vient de tenir sa premi\u00e8re conf\u00e9rence apr\u00e8s la grande victoire enregistr\u00e9e (97 si\u00e8ges) \u00a0dans le cadre des \u00e9lections l\u00e9gislatives du 8 septembre 2021. Aziz Akhannouch a tenu, d\u2019entr\u00e9e, \u00e0 remercier toute la jeunesse marocaine pour s\u2019\u00eatre mobilis\u00e9e massivement lors de Auteur: challenge Cliquez ici pour [&hellip;]<\/p>\n","protected":false},"author":1787,"featured_media":0,"comment_status":"closed","ping_status":"closed","sticky":false,"template":"","format":"standard","meta":{"fifu_image_url":"https:\/\/www.challenge.ma\/wp-content\/uploads\/2021\/09\/693e7cdf-10ad-4aab-ae4c-179d2b8843f9-1.jpg","fifu_image_alt":"Aziz Akhannouch : \u00abLe RNI s\u2019alliera aux partis qui partagent les m\u00eames principes et la m\u00eame vision de son programme\u00bb","footnotes":""},"categories":[78,54],"tags":[],"class_list":["post-126574","post","type-post","status-publish","format-standard","hentry","category-economie","category-maroc"],"_links":{"self":[{"href":"https:\/\/linitiative.ca\/International\/wp-json\/wp\/v2\/posts\/126574","targetHints":{"allow":["GET"]}}],"collection":[{"href":"https:\/\/linitiative.ca\/International\/wp-json\/wp\/v2\/posts"}],"about":[{"href":"https:\/\/linitiative.ca\/International\/wp-json\/wp\/v2\/types\/post"}],"author":[{"embeddable":true,"href":"https:\/\/linitiative.ca\/International\/wp-json\/wp\/v2\/users\/1787"}],"replies":[{"embeddable":true,"href":"https:\/\/linitiative.ca\/International\/wp-json\/wp\/v2\/comments?post=126574"}],"version-history":[{"count":0,"href":"https:\/\/linitiative.ca\/International\/wp-json\/wp\/v2\/posts\/126574\/revisions"}],"wp:attachment":[{"href":"https:\/\/linitiative.ca\/International\/wp-json\/wp\/v2\/media?parent=126574"}],"wp:term":[{"taxonomy":"category","embeddable":true,"href":"https:\/\/linitiative.ca\/International\/wp-json\/wp\/v2\/categories?post=126574"},{"taxonomy":"post_tag","embeddable":true,"href":"https:\/\/linitiative.ca\/International\/wp-json\/wp\/v2\/tags?post=126574"}],"curies":[{"name":"wp","href":"https:\/\/api.w.org\/{rel}","templated":true}]}}