{"id":126576,"date":"2021-09-09T10:04:23","date_gmt":"2021-09-09T14:04:23","guid":{"rendered":"https:\/\/linitiative.ca\/International\/elections-2021-au-maroc-aucune-pratique-majeure-entachant-la-transparence-du-scrutin-selon-le-cndh\/"},"modified":"2021-09-09T10:04:23","modified_gmt":"2021-09-09T14:04:23","slug":"elections-2021-au-maroc-aucune-pratique-majeure-entachant-la-transparence-du-scrutin-selon-le-cndh","status":"publish","type":"post","link":"https:\/\/linitiative.ca\/International\/elections-2021-au-maroc-aucune-pratique-majeure-entachant-la-transparence-du-scrutin-selon-le-cndh\/","title":{"rendered":"\u00c9lections 2021 au Maroc. Aucune pratique majeure entachant la transparence du scrutin selon le CNDH"},"content":{"rendered":"<div><img decoding=\"async\" width=\"2378\" height=\"1283\" src=\"https:\/\/linitiative.ca\/International\/wp-content\/uploads\/sites\/23\/2021\/09\/Amina-BOUAYACH.jpeg\" class=\"attachment-post-thumbnail size-post-thumbnail wp-post-image\" alt=\"\" loading=\"lazy\" srcset=\"https:\/\/linitiative.ca\/International\/wp-content\/uploads\/sites\/23\/2021\/09\/Amina-BOUAYACH.jpeg 2378w, https:\/\/www.challenge.ma\/wp-content\/uploads\/2021\/09\/Amina-BOUAYACH-300x162.jpeg 300w, https:\/\/www.challenge.ma\/wp-content\/uploads\/2021\/09\/Amina-BOUAYACH-1024x552.jpeg 1024w\" sizes=\"auto, (max-width: 2378px) 100vw, 2378px\" itemprop=\"image\">Selon le Conseil national des Droits de l\u2019Homme (CNDH), les \u00e9lections du 8 septembre se sont d\u00e9roul\u00e9es dans les meilleures conditions et aucune pratique majeure entachant la transparence du scrutin n\u2019a \u00e9t\u00e9 enregistr\u00e9e. Les \u00e9lections du 8 septembre se sont d\u00e9roul\u00e9es conform\u00e9ment aux proc\u00e9dures r\u00e9gissant les op\u00e9rations \u00e9lectorales au Maroc,<\/div>\n<p>Auteur: challenge<br \/>\n<a href=\"https:\/\/www.challenge.ma\/elections-2021-au-maroc-aucune-pratique-majeure-entachant-la-transparence-du-scrutin-selon-le-cndh-220121\/\">Cliquez ici pour lire l&rsquo;article depuis sa source.<\/a><\/p>\n","protected":false},"excerpt":{"rendered":"<p>Selon le Conseil national des Droits de l\u2019Homme (CNDH), les \u00e9lections du 8 septembre se sont d\u00e9roul\u00e9es dans les meilleures conditions et aucune pratique majeure entachant la transparence du scrutin n\u2019a \u00e9t\u00e9 enregistr\u00e9e. Les \u00e9lections du 8 septembre se sont d\u00e9roul\u00e9es conform\u00e9ment aux proc\u00e9dures r\u00e9gissant les op\u00e9rations \u00e9lectorales au Maroc, Auteur: challenge Cliquez ici pour [&hellip;]<\/p>\n","protected":false},"author":1787,"featured_media":0,"comment_status":"closed","ping_status":"closed","sticky":false,"template":"","format":"standard","meta":{"fifu_image_url":"https:\/\/www.challenge.ma\/wp-content\/uploads\/2021\/09\/Amina-BOUAYACH.jpeg","fifu_image_alt":"\u00c9lections 2021 au Maroc. Aucune pratique majeure entachant la transparence du scrutin selon le CNDH","footnotes":""},"categories":[78,54],"tags":[],"class_list":["post-126576","post","type-post","status-publish","format-standard","hentry","category-economie","category-maroc"],"_links":{"self":[{"href":"https:\/\/linitiative.ca\/International\/wp-json\/wp\/v2\/posts\/126576","targetHints":{"allow":["GET"]}}],"collection":[{"href":"https:\/\/linitiative.ca\/International\/wp-json\/wp\/v2\/posts"}],"about":[{"href":"https:\/\/linitiative.ca\/International\/wp-json\/wp\/v2\/types\/post"}],"author":[{"embeddable":true,"href":"https:\/\/linitiative.ca\/International\/wp-json\/wp\/v2\/users\/1787"}],"replies":[{"embeddable":true,"href":"https:\/\/linitiative.ca\/International\/wp-json\/wp\/v2\/comments?post=126576"}],"version-history":[{"count":0,"href":"https:\/\/linitiative.ca\/International\/wp-json\/wp\/v2\/posts\/126576\/revisions"}],"wp:attachment":[{"href":"https:\/\/linitiative.ca\/International\/wp-json\/wp\/v2\/media?parent=126576"}],"wp:term":[{"taxonomy":"category","embeddable":true,"href":"https:\/\/linitiative.ca\/International\/wp-json\/wp\/v2\/categories?post=126576"},{"taxonomy":"post_tag","embeddable":true,"href":"https:\/\/linitiative.ca\/International\/wp-json\/wp\/v2\/tags?post=126576"}],"curies":[{"name":"wp","href":"https:\/\/api.w.org\/{rel}","templated":true}]}}