{"id":126580,"date":"2021-09-09T12:33:48","date_gmt":"2021-09-09T16:33:48","guid":{"rendered":"https:\/\/linitiative.ca\/International\/el-otmani-annonce-sa-demission-du-secretariat-general-apres-la-debacle-electorale-du-pjd\/"},"modified":"2021-09-09T12:33:48","modified_gmt":"2021-09-09T16:33:48","slug":"el-otmani-annonce-sa-demission-du-secretariat-general-apres-la-debacle-electorale-du-pjd","status":"publish","type":"post","link":"https:\/\/linitiative.ca\/International\/el-otmani-annonce-sa-demission-du-secretariat-general-apres-la-debacle-electorale-du-pjd\/","title":{"rendered":"El Otmani annonce sa d\u00e9mission du secr\u00e9tariat g\u00e9n\u00e9ral apr\u00e8s la d\u00e9b\u00e2cle \u00e9lectorale du PJD"},"content":{"rendered":"<div><img decoding=\"async\" width=\"588\" height=\"330\" src=\"https:\/\/linitiative.ca\/International\/wp-content\/uploads\/sites\/23\/2021\/09\/el-othmani.jpg\" class=\"attachment-post-thumbnail size-post-thumbnail wp-post-image\" alt=\"\" loading=\"lazy\" srcset=\"https:\/\/linitiative.ca\/International\/wp-content\/uploads\/sites\/23\/2021\/09\/el-othmani.jpg 588w, https:\/\/www.challenge.ma\/wp-content\/uploads\/2021\/09\/el-othmani-300x168.jpg 300w, https:\/\/www.challenge.ma\/wp-content\/uploads\/2021\/09\/el-othmani-360x202.jpg 360w\" sizes=\"auto, (max-width: 588px) 100vw, 588px\" itemprop=\"image\">Apr\u00e8s la d\u00e9b\u00e2cle \u00e9lectorale du PJD,\u00a0 Saad Eddine El Othmani a annonc\u00e9 ce jeudi sa d\u00e9mission ainsi que celle du secr\u00e9tariat g\u00e9n\u00e9ral du parti. Tous les membres du bureau politique du parti ont \u00e9galement annonc\u00e9 leur d\u00e9mission. La d\u00e9mission a \u00e9t\u00e9 annonc\u00e9e lors du conf\u00e9rence de presse du parti de<\/div>\n<p>Auteur: challenge<br \/>\n<a href=\"https:\/\/www.challenge.ma\/el-othmani-annonce-sa-demission-du-secretariat-general-apres-la-debacle-electorale-du-pjd-220159\/\">Cliquez ici pour lire l&rsquo;article depuis sa source.<\/a><\/p>\n","protected":false},"excerpt":{"rendered":"<p>Apr\u00e8s la d\u00e9b\u00e2cle \u00e9lectorale du PJD,\u00a0 Saad Eddine El Othmani a annonc\u00e9 ce jeudi sa d\u00e9mission ainsi que celle du secr\u00e9tariat g\u00e9n\u00e9ral du parti. Tous les membres du bureau politique du parti ont \u00e9galement annonc\u00e9 leur d\u00e9mission. La d\u00e9mission a \u00e9t\u00e9 annonc\u00e9e lors du conf\u00e9rence de presse du parti de Auteur: challenge Cliquez ici pour [&hellip;]<\/p>\n","protected":false},"author":1787,"featured_media":0,"comment_status":"closed","ping_status":"closed","sticky":false,"template":"","format":"standard","meta":{"fifu_image_url":"https:\/\/www.challenge.ma\/wp-content\/uploads\/2021\/09\/el-othmani.jpg","fifu_image_alt":"El Otmani annonce sa d\u00e9mission du secr\u00e9tariat g\u00e9n\u00e9ral apr\u00e8s la d\u00e9b\u00e2cle \u00e9lectorale du PJD","footnotes":""},"categories":[78,54],"tags":[],"class_list":["post-126580","post","type-post","status-publish","format-standard","hentry","category-economie","category-maroc"],"_links":{"self":[{"href":"https:\/\/linitiative.ca\/International\/wp-json\/wp\/v2\/posts\/126580","targetHints":{"allow":["GET"]}}],"collection":[{"href":"https:\/\/linitiative.ca\/International\/wp-json\/wp\/v2\/posts"}],"about":[{"href":"https:\/\/linitiative.ca\/International\/wp-json\/wp\/v2\/types\/post"}],"author":[{"embeddable":true,"href":"https:\/\/linitiative.ca\/International\/wp-json\/wp\/v2\/users\/1787"}],"replies":[{"embeddable":true,"href":"https:\/\/linitiative.ca\/International\/wp-json\/wp\/v2\/comments?post=126580"}],"version-history":[{"count":0,"href":"https:\/\/linitiative.ca\/International\/wp-json\/wp\/v2\/posts\/126580\/revisions"}],"wp:attachment":[{"href":"https:\/\/linitiative.ca\/International\/wp-json\/wp\/v2\/media?parent=126580"}],"wp:term":[{"taxonomy":"category","embeddable":true,"href":"https:\/\/linitiative.ca\/International\/wp-json\/wp\/v2\/categories?post=126580"},{"taxonomy":"post_tag","embeddable":true,"href":"https:\/\/linitiative.ca\/International\/wp-json\/wp\/v2\/tags?post=126580"}],"curies":[{"name":"wp","href":"https:\/\/api.w.org\/{rel}","templated":true}]}}