{"id":126582,"date":"2021-09-09T15:10:16","date_gmt":"2021-09-09T19:10:16","guid":{"rendered":"https:\/\/linitiative.ca\/International\/maroc-la-debacle-du-pjd\/"},"modified":"2021-09-09T15:10:16","modified_gmt":"2021-09-09T19:10:16","slug":"maroc-la-debacle-du-pjd","status":"publish","type":"post","link":"https:\/\/linitiative.ca\/International\/maroc-la-debacle-du-pjd\/","title":{"rendered":"Maroc. La d\u00e9b\u00e2cle du PJD"},"content":{"rendered":"<div><img decoding=\"async\" width=\"780\" height=\"468\" src=\"https:\/\/linitiative.ca\/International\/wp-content\/uploads\/sites\/23\/2021\/09\/el-otmani.jpg\" class=\"attachment-post-thumbnail size-post-thumbnail wp-post-image\" alt=\"\" loading=\"lazy\" srcset=\"https:\/\/linitiative.ca\/International\/wp-content\/uploads\/sites\/23\/2021\/09\/el-otmani.jpg 780w, https:\/\/www.challenge.ma\/wp-content\/uploads\/2021\/09\/el-otmani-300x180.jpg 300w, https:\/\/www.challenge.ma\/wp-content\/uploads\/2021\/09\/el-otmani-768x461.jpg 768w, https:\/\/www.challenge.ma\/wp-content\/uploads\/2021\/09\/el-otmani-360x216.jpg 360w, https:\/\/www.challenge.ma\/wp-content\/uploads\/2021\/09\/el-otmani-750x450.jpg 750w\" sizes=\"auto, (max-width: 780px) 100vw, 780px\" itemprop=\"image\">C\u2019est un v\u00e9ritable s\u00e9isme politique. Le 08 septembre a sonn\u00e9 le glas de l\u2019Islam politique. Le PJD passe de 125 parlementaires \u00e0 12, il n\u2019aura m\u00eame pas de groupe, apr\u00e8s deux mandatures \u00e0 la t\u00eate du gouvernement. Comme attendu, c\u2019est le RNI qui arrive en t\u00eate. Cela fait des mois<\/div>\n<p>Auteur: Jamal Berraoui<br \/>\n<a href=\"https:\/\/www.challenge.ma\/maroc-la-debacle-du-pjd-220174\/\">Cliquez ici pour lire l&rsquo;article depuis sa source.<\/a><\/p>\n","protected":false},"excerpt":{"rendered":"<p>C\u2019est un v\u00e9ritable s\u00e9isme politique. Le 08 septembre a sonn\u00e9 le glas de l\u2019Islam politique. Le PJD passe de 125 parlementaires \u00e0 12, il n\u2019aura m\u00eame pas de groupe, apr\u00e8s deux mandatures \u00e0 la t\u00eate du gouvernement. Comme attendu, c\u2019est le RNI qui arrive en t\u00eate. Cela fait des mois Auteur: Jamal Berraoui Cliquez ici [&hellip;]<\/p>\n","protected":false},"author":1787,"featured_media":0,"comment_status":"closed","ping_status":"closed","sticky":false,"template":"","format":"standard","meta":{"fifu_image_url":"https:\/\/www.challenge.ma\/wp-content\/uploads\/2021\/09\/el-otmani.jpg","fifu_image_alt":"Maroc. La d\u00e9b\u00e2cle du PJD","footnotes":""},"categories":[78,54],"tags":[],"class_list":["post-126582","post","type-post","status-publish","format-standard","hentry","category-economie","category-maroc"],"_links":{"self":[{"href":"https:\/\/linitiative.ca\/International\/wp-json\/wp\/v2\/posts\/126582","targetHints":{"allow":["GET"]}}],"collection":[{"href":"https:\/\/linitiative.ca\/International\/wp-json\/wp\/v2\/posts"}],"about":[{"href":"https:\/\/linitiative.ca\/International\/wp-json\/wp\/v2\/types\/post"}],"author":[{"embeddable":true,"href":"https:\/\/linitiative.ca\/International\/wp-json\/wp\/v2\/users\/1787"}],"replies":[{"embeddable":true,"href":"https:\/\/linitiative.ca\/International\/wp-json\/wp\/v2\/comments?post=126582"}],"version-history":[{"count":0,"href":"https:\/\/linitiative.ca\/International\/wp-json\/wp\/v2\/posts\/126582\/revisions"}],"wp:attachment":[{"href":"https:\/\/linitiative.ca\/International\/wp-json\/wp\/v2\/media?parent=126582"}],"wp:term":[{"taxonomy":"category","embeddable":true,"href":"https:\/\/linitiative.ca\/International\/wp-json\/wp\/v2\/categories?post=126582"},{"taxonomy":"post_tag","embeddable":true,"href":"https:\/\/linitiative.ca\/International\/wp-json\/wp\/v2\/tags?post=126582"}],"curies":[{"name":"wp","href":"https:\/\/api.w.org\/{rel}","templated":true}]}}