{"id":126585,"date":"2021-09-09T16:28:30","date_gmt":"2021-09-09T20:28:30","guid":{"rendered":"https:\/\/linitiative.ca\/International\/tunisie-par-crainte-du-variant-mu-un-specialiste-appelle-a-mieux-controler-les-arrivants-de-certains-pays\/"},"modified":"2021-09-09T16:28:30","modified_gmt":"2021-09-09T20:28:30","slug":"tunisie-par-crainte-du-variant-mu-un-specialiste-appelle-a-mieux-controler-les-arrivants-de-certains-pays","status":"publish","type":"post","link":"https:\/\/linitiative.ca\/International\/tunisie-par-crainte-du-variant-mu-un-specialiste-appelle-a-mieux-controler-les-arrivants-de-certains-pays\/","title":{"rendered":"Tunisie \u2013 Par crainte du variant \u00ab\u00a0Mu\u00a0\u00bb, un sp\u00e9cialiste appelle \u00e0 mieux contr\u00f4ler les arrivants de certains pays"},"content":{"rendered":"<div>\n<p>Le sp\u00e9cialiste en virologie, Amine Slim, a assur\u00e9, ce jeudi, au micro d\u2019une radio priv\u00e9e, que le variant \u00ab\u00a0Mu\u00a0\u00bb est en train de s\u2019\u00e9tendre dans certains pays, et que ce variant est tr\u00e8s virulent, et qu\u2019il fait diminuer de 60 \u00e0 80% l\u2019immunit\u00e9 des personnes vaccin\u00e9es contre le covid. Slim a appel\u00e9 \u00e0 renforcer les [\u2026]<\/p>\n<p>L\u2019article <a href=\"https:\/\/www.tunisienumerique.com\/tunisie-par-crainte-du-variant-mu-un-specialiste-appelle-a-mieux-controler-les-arrivants-de-certains-pays\/\">Tunisie \u2013 Par crainte du variant \u00ab\u00a0Mu\u00a0\u00bb, un sp\u00e9cialiste appelle \u00e0 mieux contr\u00f4ler les arrivants de certains pays<\/a> est apparu en premier sur <a href=\"https:\/\/www.tunisienumerique.com\/\">Tunisie<\/a>.<\/p>\n<\/div>\n<p>Auteur: LM<br \/>\n<a href=\"https:\/\/www.tunisienumerique.com\/tunisie-par-crainte-du-variant-mu-un-specialiste-appelle-a-mieux-controler-les-arrivants-de-certains-pays\/\">Cliquez ici pour lire l&rsquo;article depuis sa source.<\/a><\/p>\n","protected":false},"excerpt":{"rendered":"<p>Le sp\u00e9cialiste en virologie, Amine Slim, a assur\u00e9, ce jeudi, au micro d\u2019une radio priv\u00e9e, que le variant \u00ab\u00a0Mu\u00a0\u00bb est en train de s\u2019\u00e9tendre dans certains pays, et que ce variant est tr\u00e8s virulent, et qu\u2019il fait diminuer de 60 \u00e0 80% l\u2019immunit\u00e9 des personnes vaccin\u00e9es contre le covid. Slim a appel\u00e9 \u00e0 renforcer les [&hellip;]<\/p>\n","protected":false},"author":1789,"featured_media":0,"comment_status":"closed","ping_status":"closed","sticky":false,"template":"","format":"standard","meta":{"fifu_image_url":"","fifu_image_alt":"","footnotes":""},"categories":[73,55],"tags":[],"class_list":["post-126585","post","type-post","status-publish","format-standard","hentry","category-actualite","category-tunisie"],"_links":{"self":[{"href":"https:\/\/linitiative.ca\/International\/wp-json\/wp\/v2\/posts\/126585","targetHints":{"allow":["GET"]}}],"collection":[{"href":"https:\/\/linitiative.ca\/International\/wp-json\/wp\/v2\/posts"}],"about":[{"href":"https:\/\/linitiative.ca\/International\/wp-json\/wp\/v2\/types\/post"}],"author":[{"embeddable":true,"href":"https:\/\/linitiative.ca\/International\/wp-json\/wp\/v2\/users\/1789"}],"replies":[{"embeddable":true,"href":"https:\/\/linitiative.ca\/International\/wp-json\/wp\/v2\/comments?post=126585"}],"version-history":[{"count":0,"href":"https:\/\/linitiative.ca\/International\/wp-json\/wp\/v2\/posts\/126585\/revisions"}],"wp:attachment":[{"href":"https:\/\/linitiative.ca\/International\/wp-json\/wp\/v2\/media?parent=126585"}],"wp:term":[{"taxonomy":"category","embeddable":true,"href":"https:\/\/linitiative.ca\/International\/wp-json\/wp\/v2\/categories?post=126585"},{"taxonomy":"post_tag","embeddable":true,"href":"https:\/\/linitiative.ca\/International\/wp-json\/wp\/v2\/tags?post=126585"}],"curies":[{"name":"wp","href":"https:\/\/api.w.org\/{rel}","templated":true}]}}