{"id":126586,"date":"2021-09-09T16:37:15","date_gmt":"2021-09-09T20:37:15","guid":{"rendered":"https:\/\/linitiative.ca\/International\/tunisie-khelifi-je-tiens-kais-saied-pour-responsable-de-tout-ce-qui-pourrait-marriver\/"},"modified":"2021-09-09T16:37:15","modified_gmt":"2021-09-09T20:37:15","slug":"tunisie-khelifi-je-tiens-kais-saied-pour-responsable-de-tout-ce-qui-pourrait-marriver","status":"publish","type":"post","link":"https:\/\/linitiative.ca\/International\/tunisie-khelifi-je-tiens-kais-saied-pour-responsable-de-tout-ce-qui-pourrait-marriver\/","title":{"rendered":"Tunisie \u2013 Khelifi\u00a0: Je tiens Ka\u00efs Sa\u00efed pour responsable de tout ce qui pourrait m\u2019arriver"},"content":{"rendered":"<div>\n<p>Le d\u00e9put\u00e9 gel\u00e9 et ex pr\u00e9sident du bloc parlementaire de 9alb Tounes, Oussama Khelifi, qui a, ouvertement, attaqu\u00e9, le pr\u00e9sident Ka\u00efs Sa\u00efed, lors des assises du congr\u00e8s international des parlementaires \u00e0 Vienne, a annonc\u00e9 qu\u2019il a re\u00e7u des menaces r\u00e9elles, \u00e9manant des partisans de Ka\u00efs Sa\u00efed. Il a ajout\u00e9 qu\u2019il est cibl\u00e9 par une vaste [\u2026]<\/p>\n<p>L\u2019article <a href=\"https:\/\/www.tunisienumerique.com\/tunisie-khelifi-je-tiens-kais-saied-pour-responsable-de-tout-ce-qui-pourrait-marriver\/\">Tunisie \u2013 Khelifi\u00a0: Je tiens Ka\u00efs Sa\u00efed pour responsable de tout ce qui pourrait m\u2019arriver<\/a> est apparu en premier sur <a href=\"https:\/\/www.tunisienumerique.com\/\">Tunisie<\/a>.<\/p>\n<\/div>\n<p>Auteur: LM<br \/>\n<a href=\"https:\/\/www.tunisienumerique.com\/tunisie-khelifi-je-tiens-kais-saied-pour-responsable-de-tout-ce-qui-pourrait-marriver\/\">Cliquez ici pour lire l&rsquo;article depuis sa source.<\/a><\/p>\n","protected":false},"excerpt":{"rendered":"<p>Le d\u00e9put\u00e9 gel\u00e9 et ex pr\u00e9sident du bloc parlementaire de 9alb Tounes, Oussama Khelifi, qui a, ouvertement, attaqu\u00e9, le pr\u00e9sident Ka\u00efs Sa\u00efed, lors des assises du congr\u00e8s international des parlementaires \u00e0 Vienne, a annonc\u00e9 qu\u2019il a re\u00e7u des menaces r\u00e9elles, \u00e9manant des partisans de Ka\u00efs Sa\u00efed. Il a ajout\u00e9 qu\u2019il est cibl\u00e9 par une vaste [&hellip;]<\/p>\n","protected":false},"author":1789,"featured_media":0,"comment_status":"closed","ping_status":"closed","sticky":false,"template":"","format":"standard","meta":{"fifu_image_url":"","fifu_image_alt":"","footnotes":""},"categories":[73,55],"tags":[],"class_list":["post-126586","post","type-post","status-publish","format-standard","hentry","category-actualite","category-tunisie"],"_links":{"self":[{"href":"https:\/\/linitiative.ca\/International\/wp-json\/wp\/v2\/posts\/126586","targetHints":{"allow":["GET"]}}],"collection":[{"href":"https:\/\/linitiative.ca\/International\/wp-json\/wp\/v2\/posts"}],"about":[{"href":"https:\/\/linitiative.ca\/International\/wp-json\/wp\/v2\/types\/post"}],"author":[{"embeddable":true,"href":"https:\/\/linitiative.ca\/International\/wp-json\/wp\/v2\/users\/1789"}],"replies":[{"embeddable":true,"href":"https:\/\/linitiative.ca\/International\/wp-json\/wp\/v2\/comments?post=126586"}],"version-history":[{"count":0,"href":"https:\/\/linitiative.ca\/International\/wp-json\/wp\/v2\/posts\/126586\/revisions"}],"wp:attachment":[{"href":"https:\/\/linitiative.ca\/International\/wp-json\/wp\/v2\/media?parent=126586"}],"wp:term":[{"taxonomy":"category","embeddable":true,"href":"https:\/\/linitiative.ca\/International\/wp-json\/wp\/v2\/categories?post=126586"},{"taxonomy":"post_tag","embeddable":true,"href":"https:\/\/linitiative.ca\/International\/wp-json\/wp\/v2\/tags?post=126586"}],"curies":[{"name":"wp","href":"https:\/\/api.w.org\/{rel}","templated":true}]}}