{"id":126588,"date":"2021-09-09T16:47:25","date_gmt":"2021-09-09T20:47:25","guid":{"rendered":"https:\/\/linitiative.ca\/International\/images-les-journalistes-souffre-douleur-prefere-des-talibans-en-afghanistan\/"},"modified":"2021-09-09T16:47:25","modified_gmt":"2021-09-09T20:47:25","slug":"images-les-journalistes-souffre-douleur-prefere-des-talibans-en-afghanistan","status":"publish","type":"post","link":"https:\/\/linitiative.ca\/International\/images-les-journalistes-souffre-douleur-prefere-des-talibans-en-afghanistan\/","title":{"rendered":"IMAGES\u00a0: Les journalistes souffre douleur pr\u00e9f\u00e9r\u00e9 des Talibans en Afghanistan"},"content":{"rendered":"<div>\n<p>Deux journalistes afghans qui couvraient des manifestations \u00e0 Kaboul, hier, mercredi, ont \u00e9t\u00e9 arr\u00eat\u00e9s et rou\u00e9s de coups et flagell\u00e9s, par des \u00e9l\u00e9ments des Talibans, qui les avaient emmen\u00e9s dans un poste de police pour les y torturer. Ils les ont accus\u00e9s d\u2019avoir organis\u00e9 les manifestations anti talibans.<\/p>\n<p>L\u2019article <a href=\"https:\/\/www.tunisienumerique.com\/images-les-journalistes-souffre-douleur-prefere-des-talibans-en-afghanistan\/\">IMAGES\u00a0: Les journalistes souffre douleur pr\u00e9f\u00e9r\u00e9 des Talibans en Afghanistan<\/a> est apparu en premier sur <a href=\"https:\/\/www.tunisienumerique.com\/\">Tunisie<\/a>.<\/p>\n<\/div>\n<p>Auteur: LM<br \/>\n<a href=\"https:\/\/www.tunisienumerique.com\/images-les-journalistes-souffre-douleur-prefere-des-talibans-en-afghanistan\/\">Cliquez ici pour lire l&rsquo;article depuis sa source.<\/a><\/p>\n","protected":false},"excerpt":{"rendered":"<p>Deux journalistes afghans qui couvraient des manifestations \u00e0 Kaboul, hier, mercredi, ont \u00e9t\u00e9 arr\u00eat\u00e9s et rou\u00e9s de coups et flagell\u00e9s, par des \u00e9l\u00e9ments des Talibans, qui les avaient emmen\u00e9s dans un poste de police pour les y torturer. Ils les ont accus\u00e9s d\u2019avoir organis\u00e9 les manifestations anti talibans. L\u2019article IMAGES\u00a0: Les journalistes souffre douleur pr\u00e9f\u00e9r\u00e9 [&hellip;]<\/p>\n","protected":false},"author":1789,"featured_media":0,"comment_status":"closed","ping_status":"closed","sticky":false,"template":"","format":"standard","meta":{"fifu_image_url":"","fifu_image_alt":"","footnotes":""},"categories":[73,55],"tags":[],"class_list":["post-126588","post","type-post","status-publish","format-standard","hentry","category-actualite","category-tunisie"],"_links":{"self":[{"href":"https:\/\/linitiative.ca\/International\/wp-json\/wp\/v2\/posts\/126588","targetHints":{"allow":["GET"]}}],"collection":[{"href":"https:\/\/linitiative.ca\/International\/wp-json\/wp\/v2\/posts"}],"about":[{"href":"https:\/\/linitiative.ca\/International\/wp-json\/wp\/v2\/types\/post"}],"author":[{"embeddable":true,"href":"https:\/\/linitiative.ca\/International\/wp-json\/wp\/v2\/users\/1789"}],"replies":[{"embeddable":true,"href":"https:\/\/linitiative.ca\/International\/wp-json\/wp\/v2\/comments?post=126588"}],"version-history":[{"count":0,"href":"https:\/\/linitiative.ca\/International\/wp-json\/wp\/v2\/posts\/126588\/revisions"}],"wp:attachment":[{"href":"https:\/\/linitiative.ca\/International\/wp-json\/wp\/v2\/media?parent=126588"}],"wp:term":[{"taxonomy":"category","embeddable":true,"href":"https:\/\/linitiative.ca\/International\/wp-json\/wp\/v2\/categories?post=126588"},{"taxonomy":"post_tag","embeddable":true,"href":"https:\/\/linitiative.ca\/International\/wp-json\/wp\/v2\/tags?post=126588"}],"curies":[{"name":"wp","href":"https:\/\/api.w.org\/{rel}","templated":true}]}}