{"id":126591,"date":"2021-09-09T17:24:21","date_gmt":"2021-09-09T21:24:21","guid":{"rendered":"https:\/\/linitiative.ca\/International\/editions-sidwaya-les-administrateurs-au-contact-des-realites\/"},"modified":"2021-09-09T17:24:21","modified_gmt":"2021-09-09T21:24:21","slug":"editions-sidwaya-les-administrateurs-au-contact-des-realites","status":"publish","type":"post","link":"https:\/\/linitiative.ca\/International\/editions-sidwaya-les-administrateurs-au-contact-des-realites\/","title":{"rendered":"Editions Sidwaya : les administrateurs au contact des r\u00e9alit\u00e9s"},"content":{"rendered":"<div>\n<p><strong>Une d\u00e9l\u00e9gation des membres du Conseil d\u2019administration des Editions Sidwaya, conduite par son pr\u00e9sident, Romain Auguste Bambara, s\u2019est enquise des conditions de travail des agents de l\u2019organe de presse, le jeudi 9 septembre 2021 \u00e0 Ouagadougou.<\/strong><\/p>\n<figure id=\"attachment_39347\" aria-describedby=\"caption-attachment-39347\" style=\"width: 300px\" class=\"wp-caption alignleft\"><img decoding=\"async\" loading=\"lazy\" class=\"wp-image-39347 size-medium\" src=\"https:\/\/linitiative.ca\/International\/wp-content\/uploads\/sites\/23\/2021\/09\/1-29-300x200-1.jpg\" alt=\"\" width=\"300\" height=\"200\" srcset=\"https:\/\/linitiative.ca\/International\/wp-content\/uploads\/sites\/23\/2021\/09\/1-29-300x200-1.jpg 300w, https:\/\/www.sidwaya.info\/wp-content\/uploads\/2021\/09\/1-29-150x100.jpg 150w, https:\/\/www.sidwaya.info\/wp-content\/uploads\/2021\/09\/1-29.jpg 595w\" sizes=\"auto, (max-width: 300px) 100vw, 300px\"><figcaption id=\"caption-attachment-39347\" class=\"wp-caption-text\">Les administrateurs, \u00e0 travers cette visite, ont pu toucher du doigt les conditions de travail du personnel.<\/figcaption><\/figure>\n<p>\u00abCette visite est la traduction de la volont\u00e9 des administrateurs de pouvoir cerner de plus pr\u00e8s, les r\u00e9alit\u00e9s du service qui leur a \u00e9t\u00e9 demand\u00e9 \u00e0 savoir, \u00eatre dans le conseil d\u2019administration des Editions Sidwaya \u00bb. C\u2019est ce que le Pr\u00e9sident du Conseil d\u2019administration (PCA) des Editions Sidwaya, Romain Auguste Bambara, a laiss\u00e9 entendre apr\u00e8s la visite des locaux des Editions Sidwaya et de l\u2019Agence d\u2019information du Burkina (AIB), le jeudi 9 septembre 2021 \u00e0 Ouagadougou. Pour M. Bambara, cette sortie de terrain a aussi \u00e9t\u00e9 une occasion pour les administrateurs de rencontrer les travailleurs, de faire l\u2019\u00e9tat des lieux de leur cadre de travail et d\u2019\u00e9changer avec eux afin de mieux appr\u00e9hender la d\u00e9marche qui sera donn\u00e9e aux diff\u00e9rentes actions de facilitation pour accompagner l\u2019\u00e9quipe manag\u00e9riale de la \u00ab Maison commune \u00bb pour de meilleurs r\u00e9sultats dans le secteur de la communication publique. Le PCA des Editions Sidwaya a lou\u00e9 la vision des diff\u00e9rentes \u00e9quipes, qui est de faire de leur entit\u00e9, le leader dans le secteur de la communication. \u00ab Au regard de la d\u00e9termination des uns et des autres, nous ne pouvons qu\u2019\u00eatre satisfait de ce que nous avons vu \u00bb, a-t-il indiqu\u00e9. Revenant sur les pr\u00e9occupations soulev\u00e9es par les diff\u00e9rents chefs de service, M. Bambara a rassur\u00e9 que le conseil a travaill\u00e9 \u00e0 cr\u00e9er de meilleures conditions de travail pour tous.<\/p>\n<p>\u00ab Concernant l\u2019exigu\u00eft\u00e9 des locaux, les choses sont en train de progresser puisqu\u2019il est pr\u00e9vu un si\u00e8ge pour les Editions Sidwaya et le conseil d\u2019administration a jou\u00e9 sa partition en actant ce qu\u2019il fallait prendre comme mesure dans ce sens \u00bb, a relat\u00e9 le PCA. La question des moyens s\u2019est \u00e9galement invit\u00e9 dans les \u00e9changes. Selon M. Bambara le conseil intervient dans un niveau macro mais, le reste rel\u00e8ve de l\u2019op\u00e9rationnel.<\/p>\n<figure id=\"attachment_39349\" aria-describedby=\"caption-attachment-39349\" style=\"width: 300px\" class=\"wp-caption alignright\"><img decoding=\"async\" loading=\"lazy\" class=\"wp-image-39349 size-medium\" src=\"https:\/\/linitiative.ca\/International\/wp-content\/uploads\/sites\/23\/2021\/09\/3-7-300x200-1.jpg\" alt=\"\" width=\"300\" height=\"200\" srcset=\"https:\/\/linitiative.ca\/International\/wp-content\/uploads\/sites\/23\/2021\/09\/3-7-300x200-1.jpg 300w, https:\/\/www.sidwaya.info\/wp-content\/uploads\/2021\/09\/3-7-150x100.jpg 150w, https:\/\/www.sidwaya.info\/wp-content\/uploads\/2021\/09\/3-7.jpg 595w\" sizes=\"auto, (max-width: 300px) 100vw, 300px\"><figcaption id=\"caption-attachment-39349\" class=\"wp-caption-text\">Le personnel des Editions Sidwaya et les administrateurs veulent travailler pour relever les d\u00e9fis.<\/figcaption><\/figure>\n<p>\u00ab L\u2019op\u00e9rationnel, c\u2019est le minist\u00e8re en charge de la communication qui s\u2019occupe de la tutelle technique, financi\u00e8re et qui doit acter certaines choses. D\u00e9j\u00e0, il y a un acquis qui a \u00e9t\u00e9 engrang\u00e9 avec le statut d\u00e9rogatoire accord\u00e9 aux Editions Sidwaya et je pense qu\u2019avec ce nouveau statut, il y a des possibilit\u00e9s de mise en \u0153uvre d\u2019un certain nombre de choses avec plus de facilit\u00e9 \u00bb, a soutenu M. Bambara. Le PCA a particuli\u00e8rement f\u00e9licit\u00e9 les journalistes pour leur \u00ab professionnalisme \u00bb dans le traitement de l\u2019information et les a invit\u00e9s \u00e0 rester leader en la mati\u00e8re. Le Directeur g\u00e9n\u00e9ral, Mahamadi TIEGNA, a pour sa part, salu\u00e9 cette initiative du Conseil d\u2019administration. Selon lui, une telle visite permet d\u2019\u00eatre plus proche des agents afin de mieux prendre en compte leurs pr\u00e9occupations.<\/p>\n<p style=\"text-align: right\"><strong>Donald Wendpouir\u00e9 NIKIEMA <\/strong><\/p>\n<p style=\"text-align: right\"><strong>tousunis.do@gmail.com<\/strong><\/p>\n<p>L\u2019article <a rel=\"nofollow\" href=\"https:\/\/www.sidwaya.info\/blog\/2021\/09\/09\/editions-sidwaya-les-administrateurs-au-contact-des-realites\/\">Editions Sidwaya : les administrateurs au contact des r\u00e9alit\u00e9s<\/a> est apparu en premier sur <a rel=\"nofollow\" href=\"https:\/\/www.sidwaya.info\/\">Quotidien Sidwaya<\/a>.<\/p>\n<\/div>\n<p>Auteur: BM. Sidwaya<br \/>\n<a href=\"https:\/\/www.sidwaya.info\/blog\/2021\/09\/09\/editions-sidwaya-les-administrateurs-au-contact-des-realites\/\">Cliquez ici pour lire l&rsquo;article depuis sa source.<\/a><\/p>\n","protected":false},"excerpt":{"rendered":"<p>Une d\u00e9l\u00e9gation des membres du Conseil d\u2019administration des Editions Sidwaya, conduite par son pr\u00e9sident, Romain Auguste Bambara, s\u2019est enquise des conditions de travail des agents de l\u2019organe de presse, le jeudi 9 septembre 2021 \u00e0 Ouagadougou. Les administrateurs, \u00e0 travers cette visite, ont pu toucher du doigt les conditions de travail du personnel. \u00abCette visite [&hellip;]<\/p>\n","protected":false},"author":1816,"featured_media":0,"comment_status":"closed","ping_status":"closed","sticky":false,"template":"","format":"standard","meta":{"fifu_image_url":"https:\/\/www.sidwaya.info\/wp-content\/uploads\/2021\/09\/1-29-300x200.jpg","fifu_image_alt":"Editions Sidwaya : les administrateurs au contact des r\u00e9alit\u00e9s","footnotes":""},"categories":[73,81],"tags":[],"class_list":["post-126591","post","type-post","status-publish","format-standard","hentry","category-actualite","category-burkina-faso"],"_links":{"self":[{"href":"https:\/\/linitiative.ca\/International\/wp-json\/wp\/v2\/posts\/126591","targetHints":{"allow":["GET"]}}],"collection":[{"href":"https:\/\/linitiative.ca\/International\/wp-json\/wp\/v2\/posts"}],"about":[{"href":"https:\/\/linitiative.ca\/International\/wp-json\/wp\/v2\/types\/post"}],"author":[{"embeddable":true,"href":"https:\/\/linitiative.ca\/International\/wp-json\/wp\/v2\/users\/1816"}],"replies":[{"embeddable":true,"href":"https:\/\/linitiative.ca\/International\/wp-json\/wp\/v2\/comments?post=126591"}],"version-history":[{"count":0,"href":"https:\/\/linitiative.ca\/International\/wp-json\/wp\/v2\/posts\/126591\/revisions"}],"wp:attachment":[{"href":"https:\/\/linitiative.ca\/International\/wp-json\/wp\/v2\/media?parent=126591"}],"wp:term":[{"taxonomy":"category","embeddable":true,"href":"https:\/\/linitiative.ca\/International\/wp-json\/wp\/v2\/categories?post=126591"},{"taxonomy":"post_tag","embeddable":true,"href":"https:\/\/linitiative.ca\/International\/wp-json\/wp\/v2\/tags?post=126591"}],"curies":[{"name":"wp","href":"https:\/\/api.w.org\/{rel}","templated":true}]}}