{"id":126594,"date":"2021-09-09T17:36:40","date_gmt":"2021-09-09T21:36:40","guid":{"rendered":"https:\/\/linitiative.ca\/International\/cooperation-burkina-arabie-saoudite-lambassadeur-saoudien-prend-langue-avec-des-ministres\/"},"modified":"2021-09-09T17:36:40","modified_gmt":"2021-09-09T21:36:40","slug":"cooperation-burkina-arabie-saoudite-lambassadeur-saoudien-prend-langue-avec-des-ministres","status":"publish","type":"post","link":"https:\/\/linitiative.ca\/International\/cooperation-burkina-arabie-saoudite-lambassadeur-saoudien-prend-langue-avec-des-ministres\/","title":{"rendered":"Coop\u00e9ration Burkina\/ Arabie saoudite  : l\u2019ambassadeur saoudien prend langue avec des ministres"},"content":{"rendered":"<div>\n<p><strong>L\u2019ambassadeur du royaume d\u2019Arabie saoudite au Burkina Faso, Fahad Aldosari, a rendu successivement des visites de courtoisie au ministre de la Justice, des Droits humains et de la Promotion civique, Victoria Ou\u00e9draogo, et celui de l\u2019Education nationale, de l\u2019Alphab\u00e9tisation et de la Promotion des langues nationales, Pr Stanislas Ouaro, le jeudi 9 septembre 2021, \u00e0 Ouagadougou.<\/strong><\/p>\n<p>Dans le souci de mieux s\u2019impr\u00e9gner des r\u00e9alit\u00e9s des diff\u00e9rents minist\u00e8res afin de renforcer davantage la coop\u00e9ration bilat\u00e9rale entre l\u2019Arabie saoudite et le Burkina Faso, l\u2019ambassadeur saoudien, Fahad Aldosari , a initi\u00e9 une s\u00e9rie de visites de courtoisie aux membres du gouvernement. Il s\u2019est entretenu avec la ministre de la Justice, des Droits humains et de la Promotion civique, Victoria Ou\u00e9draogo, en fin de matin\u00e9e du jeudi 9 septembre 2021, \u00e0 Ouagadougou. A sa sortie d\u2019audience, le diplomate saoudien, Fahad Aldosari, a confi\u00e9 qu\u2019il \u00e9tait important d\u2019\u00e9changer avec les diff\u00e9rentes autorit\u00e9s minist\u00e9rielles pour conna\u00eetre davantage les priorit\u00e9s de leurs d\u00e9partements. \u00ab Mon pays et le Burkina Faso entretiennent des relations solides.<\/p>\n<figure id=\"attachment_39353\" aria-describedby=\"caption-attachment-39353\" style=\"width: 300px\" class=\"wp-caption alignleft\"><img decoding=\"async\" loading=\"lazy\" class=\"wp-image-39353 size-medium\" src=\"https:\/\/linitiative.ca\/International\/wp-content\/uploads\/sites\/23\/2021\/09\/2-11-300x225-1.jpg\" alt=\"\" width=\"300\" height=\"225\" srcset=\"https:\/\/linitiative.ca\/International\/wp-content\/uploads\/sites\/23\/2021\/09\/2-11-300x225-1.jpg 300w, https:\/\/www.sidwaya.info\/wp-content\/uploads\/2021\/09\/2-11-150x112.jpg 150w, https:\/\/www.sidwaya.info\/wp-content\/uploads\/2021\/09\/2-11-560x420.jpg 560w, https:\/\/www.sidwaya.info\/wp-content\/uploads\/2021\/09\/2-11-80x60.jpg 80w, https:\/\/www.sidwaya.info\/wp-content\/uploads\/2021\/09\/2-11-265x198.jpg 265w, https:\/\/www.sidwaya.info\/wp-content\/uploads\/2021\/09\/2-11.jpg 595w\" sizes=\"auto, (max-width: 300px) 100vw, 300px\"><figcaption id=\"caption-attachment-39353\" class=\"wp-caption-text\">Le ministre en charge de l\u2019\u00e9ducation nationale a indiqu\u00e9 que l\u2019Arabie saoudite soutient beaucoup d\u2019initiatives dans le secteur \u00e9ducatif au Burkina.<\/figcaption><\/figure>\n<p>Pour raffermir la coop\u00e9ration bilat\u00e9rale, j\u2019ai jug\u00e9 n\u00e9cessaire de m\u2019entretenir avec les diff\u00e9rents ministres. Dans cette dynamique, nous pourrons mieux coordonner certaines initiatives \u00bb, a d\u00e9clar\u00e9 M. Aldosari. La ministre en charge de la justice a dit appr\u00e9cier d\u2019un bon \u0153il cette visite qui t\u00e9moigne de la bonne volont\u00e9 de l\u2019ambassadeur \u00e0 consolider la coop\u00e9ration bilat\u00e9rale. Sans entrer dans les d\u00e9tails, Mme Ou\u00e9draogo a indiqu\u00e9 qu\u2019il y a des projets \u00ab importants \u00bb qu\u2019ils pourront prospecter ensemble dans un futur proche. De la justice, l\u2019ambassadeur s\u2019est rendu au d\u00e9partement en charge de l\u2019\u00e9ducation nationale. Avec le ministre, Pr Stanislas Ouaro, Fahad Aldosari a pass\u00e9 en revue certaines initiatives que l\u2019Arabie saoudite soutient dans le domaine de l\u2019\u00e9ducation. \u00ab Il faut comprendre les r\u00e9alit\u00e9s de chaque minist\u00e8re pour voir dans quelle mesure nous pourrons am\u00e9liorer la coop\u00e9ration dans divers secteurs \u00bb, a soulign\u00e9 l\u2019ambassadeur Fahad Aldosari. Comme son homologue de la justice, le ministre en charge de l\u2019\u00e9ducation s\u2019est r\u00e9joui de cette prise de contact \u00ab utile \u00bb.<\/p>\n<p>\u00ab Le Burkina b\u00e9n\u00e9ficie de l\u2019Arabie saoudite d\u2019un appui substantiel en mati\u00e8re d\u2019\u00e9ducation. Par exemple, avec la Banque islamique de d\u00e9veloppement (BID), nous avons b\u00e9n\u00e9fici\u00e9 de plusieurs soutiens qui ont permis la construction de l\u2019ENEP (Ecole nationale des enseignants du primaire) de Tenkodogo et beaucoup d\u2019\u00e9coles, de coll\u00e8ges et de lyc\u00e9es \u00bb, a-t-il d\u00e9taill\u00e9. Sur la m\u00eame lanc\u00e9e, il a pr\u00e9cis\u00e9 que la BID intervient dans le cadre du projet de renforcement de l\u2019enseignement franco-arabe au pays des Hommes int\u00e8gres. \u00ab J\u2019ai eu des \u00e9changes fructueux avec l\u2019ambassadeur pour que nous puissions continuer de collaborer pour m\u00fbrir d\u2019autres projets. On va lui soumettre des notes conceptuelles afin que l\u2019Arabie saoudite puisse nous accompagner davantage dans le secteur de l\u2019\u00e9ducation \u00bb, a conclu Pr Ouaro.<\/p>\n<p style=\"text-align: right\"><strong> Karim BADOLO <\/strong><\/p>\n<p>L\u2019article <a rel=\"nofollow\" href=\"https:\/\/www.sidwaya.info\/blog\/2021\/09\/09\/cooperation-burkina-arabie-saoudite-lambassadeur-saoudien-prend-langue-avec-des-ministres\/\">Coop\u00e9ration Burkina\/ Arabie saoudite  : l\u2019ambassadeur saoudien prend langue avec des ministres<\/a> est apparu en premier sur <a rel=\"nofollow\" href=\"https:\/\/www.sidwaya.info\/\">Quotidien Sidwaya<\/a>.<\/p>\n<\/div>\n<p>Auteur: BM. Sidwaya<br \/>\n<a href=\"https:\/\/www.sidwaya.info\/blog\/2021\/09\/09\/cooperation-burkina-arabie-saoudite-lambassadeur-saoudien-prend-langue-avec-des-ministres\/\">Cliquez ici pour lire l&rsquo;article depuis sa source.<\/a><\/p>\n","protected":false},"excerpt":{"rendered":"<p>L\u2019ambassadeur du royaume d\u2019Arabie saoudite au Burkina Faso, Fahad Aldosari, a rendu successivement des visites de courtoisie au ministre de la Justice, des Droits humains et de la Promotion civique, Victoria Ou\u00e9draogo, et celui de l\u2019Education nationale, de l\u2019Alphab\u00e9tisation et de la Promotion des langues nationales, Pr Stanislas Ouaro, le jeudi 9 septembre 2021, \u00e0 [&hellip;]<\/p>\n","protected":false},"author":1816,"featured_media":0,"comment_status":"closed","ping_status":"closed","sticky":false,"template":"","format":"standard","meta":{"fifu_image_url":"https:\/\/www.sidwaya.info\/wp-content\/uploads\/2021\/09\/2-11-300x225.jpg","fifu_image_alt":"Coop\u00e9ration Burkina\/ Arabie saoudite  : l\u2019ambassadeur saoudien prend langue avec des ministres","footnotes":""},"categories":[73,81],"tags":[],"class_list":["post-126594","post","type-post","status-publish","format-standard","hentry","category-actualite","category-burkina-faso"],"_links":{"self":[{"href":"https:\/\/linitiative.ca\/International\/wp-json\/wp\/v2\/posts\/126594","targetHints":{"allow":["GET"]}}],"collection":[{"href":"https:\/\/linitiative.ca\/International\/wp-json\/wp\/v2\/posts"}],"about":[{"href":"https:\/\/linitiative.ca\/International\/wp-json\/wp\/v2\/types\/post"}],"author":[{"embeddable":true,"href":"https:\/\/linitiative.ca\/International\/wp-json\/wp\/v2\/users\/1816"}],"replies":[{"embeddable":true,"href":"https:\/\/linitiative.ca\/International\/wp-json\/wp\/v2\/comments?post=126594"}],"version-history":[{"count":0,"href":"https:\/\/linitiative.ca\/International\/wp-json\/wp\/v2\/posts\/126594\/revisions"}],"wp:attachment":[{"href":"https:\/\/linitiative.ca\/International\/wp-json\/wp\/v2\/media?parent=126594"}],"wp:term":[{"taxonomy":"category","embeddable":true,"href":"https:\/\/linitiative.ca\/International\/wp-json\/wp\/v2\/categories?post=126594"},{"taxonomy":"post_tag","embeddable":true,"href":"https:\/\/linitiative.ca\/International\/wp-json\/wp\/v2\/tags?post=126594"}],"curies":[{"name":"wp","href":"https:\/\/api.w.org\/{rel}","templated":true}]}}