{"id":126596,"date":"2021-09-09T17:40:24","date_gmt":"2021-09-09T21:40:24","guid":{"rendered":"https:\/\/linitiative.ca\/International\/tour-preliminaire-coupe-caf-lasfa-y-joue-la-gagne-ce-dimanche-face-a-san-pedro\/"},"modified":"2021-09-09T17:40:24","modified_gmt":"2021-09-09T21:40:24","slug":"tour-preliminaire-coupe-caf-lasfa-y-joue-la-gagne-ce-dimanche-face-a-san-pedro","status":"publish","type":"post","link":"https:\/\/linitiative.ca\/International\/tour-preliminaire-coupe-caf-lasfa-y-joue-la-gagne-ce-dimanche-face-a-san-pedro\/","title":{"rendered":"Tour pr\u00e9liminaire Coupe CAF  : l\u2019ASFA-Y joue la gagne ce dimanche face \u00e0 San Pedro"},"content":{"rendered":"<div>\n<p><strong>L\u2019entraineur de l\u2019ASFA-Yennenga, Rigo Gervais, a d\u00e9clar\u00e9 le jeudi 9 septembre 2021 apr\u00e8s son premier entrainement avec son \u00e9quipe, vouloir marcher sur les traces des Etalons \u00e0 Marrakech (Maroc) contre le FC San Pedro de C\u00f4te d\u2019Ivoire, en match comptant pour le tour pr\u00e9liminaire aller de la Coupe de la Conf\u00e9d\u00e9ration CAF. Les \u00ab Jaune et vert \u00bb de Ouagadougou re\u00e7oivent l\u2019\u00e9quipe ivoirienne ce dimanche, \u00e0 16h TU au Grand stade de la ville ocre, avant de jouer le retour \u00e0 Abidjan la semaine prochaine.<\/strong><\/p>\n<p>\u00abIl faut \u00eatre dans le sillon de l\u2019\u00e9quipe nationale qui a fait une bonne prestation ici. C\u2019est une bonne ouverture sur le plan mental. Nous allons faire en sorte que le Burkina, \u00e0 l\u2019international, puisse avoir un meilleur visage. Ils (les Etalons : ndlr) sont venus \u00e0 l\u2019h\u00f4tel nous passer le flambeau. On a \u00e0 c\u0153ur de marcher sur les traces des Etalons et on le sent chez les gar\u00e7ons \u00bb, a d\u00e9clar\u00e9 l\u2019entraineur ivoirien de l\u2019ASFA-Y, Rigo Gervais, juste apr\u00e8s l\u2019entrainement de son \u00e9quipe sur le terrain annexe du Grand stade du Marrakech, ce 9 septembre 2021. Les Guerriers de Zempasgo sont arriv\u00e9s \u00e0 Marrakech le mercredi 8 septembre autour de 11h50 (heure locale) et se sont repos\u00e9s pour \u00eatre plus frais ce jeudi. \u00ab Par rapport au voyage, d\u2019autres ont un \u00e9tat de sant\u00e9 fragile mais le staff m\u00e9dical travaille \u00e0 pallier tout cela \u00bb, a expliqu\u00e9 le ma\u00eetre \u00e0 penser de l\u2019\u00e9quipe asfasienne. Pour ce d\u00e9but des entrainements, l\u2019objectif du staff technique est d\u2019abord de voir comment les joueurs s\u2019adaptent au climat m\u00e9diterran\u00e9en. \u00ab Sur le plan athl\u00e9tique les gar\u00e7ons r\u00e9pondent bien. On est ensuite all\u00e9 sur le plan tactico-technique. On a beaucoup travaill\u00e9 sur le replacement d\u00e9fensif, (individuel comme collectif) parce qu\u2019il ne faut pas prendre de but. Apr\u00e8s on est rentr\u00e9 dans le onze contre onze en insistant dans les m\u00eames ingr\u00e9dients \u00bb, a expliqu\u00e9 coach Rigo Gervais. L\u2019\u00e9quipe burkinab\u00e8 est venue au Maroc avec en t\u00eate d\u2019arracher une victoire avant le match retour \u00e0 Abidjan la semaine prochaine. \u00ab Etant ivoirien je connais les principes de l\u2019\u00e9quipe adverse. Je les ai crois\u00e9 beaucoup de fois dans le championnat ivoirien \u00bb, a soulign\u00e9 le coach de l\u2019ASFA-Y.<\/p>\n<p>Selon le capitaine de l\u2019ASFA-Y, Rachid Sana, l\u2019ambiance dans le groupe est bonne. Il a indiqu\u00e9 que ses co\u00e9quipiers et lui respecteront l\u2019adversaire, comme l\u2019a recommand\u00e9 leur coach. \u00ab Nous les laisserons jouer pour voir comment ils \u00e9voluent. S\u2019ils sont prenables, d\u00e8s les 15 premi\u00e8res minutes nous allons les surprendre. L\u2019objectif est de gagner ici \u00e0 Marrakech parce qu\u2019il faut faire comme nous \u00e9voluons \u00e0 domicile. Il faut gagner et aller n\u00e9gocier le match nul et pourquoi pas gagner \u00e0 Abidjan \u00bb, a-t-il d\u00e9clar\u00e9. La nouvelle recrue de \u00ab la vieille dame \u00bb, le B\u00e9ninois Nicolas Dognon, qui a \u00e9volu\u00e9 dans le championnat nig\u00e9rien avec l\u2019\u00e9quipe de la Garde nationale en \u00e9tant soulier d\u2019or avec 18 buts, est on ne peut plus clair sur l\u2019objectif lors de la rencontre de dimanche \u00ab Notre ambition est de passer le premier tour qui est le premier des soucis de nos dirigeants. Nous sommes en train de travailler pour cela. Je me sens tr\u00e8s bien car je suis arriv\u00e9 dans un groupe o\u00f9 il y a de l\u2019harmonie. Si nous sommes unis, nous pouvons aller loin dans cette campagne africaine \u00bb, a-t-il dit. Le gol\u00e9ador b\u00e9ninois est en jambe car il a d\u00e9j\u00e0 scor\u00e9 en finale de la super coupe AJSB (Association des journalistes sportifs du Burkina) et en coupe de la Ligue.<\/p>\n<p>Le moins que l\u2019on puisse dire est qu\u2019avant d\u2019effectuer le voyage de Marrakech, l\u2019ASFA-Y s\u2019est pr\u00e9par\u00e9e comme elle le peut. \u00ab Nous n\u2019avons eu que la coupe de la Ligue avec 3 victoires en autant de matchs o\u00f9 nous avons pu marquer des buts contre l\u2019AS Douanes, l\u2019USFA et l\u2019EFO \u00bb, a affirm\u00e9 le coach de l\u2019ASFA-Y. Les joueurs Innocent Dah (qui n\u2019a pas pu effectuer le d\u00e9placement du Maroc pour des probl\u00e8mes administratifs) et Justice Amat\u00e9 (malade) ont manqu\u00e9 \u00e0 ce premier entrainement de l\u2019\u00e9quipe asfasienne. Le capitaine Rachid Sana et ses coaquipiers d\u00e9fieront donc l\u2019AS San Pedro ce dimanche 12 septembre \u00e0 Marrakech. Un bon r\u00e9sultat est imp\u00e9ratif avant le retour dans une semaine \u00e0 Abidjan.<\/p>\n<p style=\"text-align: right\"><strong>Adama SALAMBERE <\/strong><\/p>\n<p style=\"text-align: right\"><strong>(envoy\u00e9 sp\u00e9cial \u00e0 Marrakech)<\/strong><\/p>\n<p>L\u2019article <a rel=\"nofollow\" href=\"https:\/\/www.sidwaya.info\/blog\/2021\/09\/09\/tour-preliminaire-coupe-caf-lasfa-y-joue-la-gagne-ce-dimanche-face-a-san-pedro\/\">Tour pr\u00e9liminaire Coupe CAF  : l\u2019ASFA-Y joue la gagne ce dimanche face \u00e0 San Pedro<\/a> est apparu en premier sur <a rel=\"nofollow\" href=\"https:\/\/www.sidwaya.info\/\">Quotidien Sidwaya<\/a>.<\/p>\n<\/div>\n<p>Auteur: BM. Sidwaya<br \/>\n<a href=\"https:\/\/www.sidwaya.info\/blog\/2021\/09\/09\/tour-preliminaire-coupe-caf-lasfa-y-joue-la-gagne-ce-dimanche-face-a-san-pedro\/\">Cliquez ici pour lire l&rsquo;article depuis sa source.<\/a><\/p>\n","protected":false},"excerpt":{"rendered":"<p>L\u2019entraineur de l\u2019ASFA-Yennenga, Rigo Gervais, a d\u00e9clar\u00e9 le jeudi 9 septembre 2021 apr\u00e8s son premier entrainement avec son \u00e9quipe, vouloir marcher sur les traces des Etalons \u00e0 Marrakech (Maroc) contre le FC San Pedro de C\u00f4te d\u2019Ivoire, en match comptant pour le tour pr\u00e9liminaire aller de la Coupe de la Conf\u00e9d\u00e9ration CAF. Les \u00ab Jaune [&hellip;]<\/p>\n","protected":false},"author":1816,"featured_media":0,"comment_status":"closed","ping_status":"closed","sticky":false,"template":"","format":"standard","meta":{"fifu_image_url":"","fifu_image_alt":"","footnotes":""},"categories":[73,81],"tags":[],"class_list":["post-126596","post","type-post","status-publish","format-standard","hentry","category-actualite","category-burkina-faso"],"_links":{"self":[{"href":"https:\/\/linitiative.ca\/International\/wp-json\/wp\/v2\/posts\/126596","targetHints":{"allow":["GET"]}}],"collection":[{"href":"https:\/\/linitiative.ca\/International\/wp-json\/wp\/v2\/posts"}],"about":[{"href":"https:\/\/linitiative.ca\/International\/wp-json\/wp\/v2\/types\/post"}],"author":[{"embeddable":true,"href":"https:\/\/linitiative.ca\/International\/wp-json\/wp\/v2\/users\/1816"}],"replies":[{"embeddable":true,"href":"https:\/\/linitiative.ca\/International\/wp-json\/wp\/v2\/comments?post=126596"}],"version-history":[{"count":0,"href":"https:\/\/linitiative.ca\/International\/wp-json\/wp\/v2\/posts\/126596\/revisions"}],"wp:attachment":[{"href":"https:\/\/linitiative.ca\/International\/wp-json\/wp\/v2\/media?parent=126596"}],"wp:term":[{"taxonomy":"category","embeddable":true,"href":"https:\/\/linitiative.ca\/International\/wp-json\/wp\/v2\/categories?post=126596"},{"taxonomy":"post_tag","embeddable":true,"href":"https:\/\/linitiative.ca\/International\/wp-json\/wp\/v2\/tags?post=126596"}],"curies":[{"name":"wp","href":"https:\/\/api.w.org\/{rel}","templated":true}]}}