{"id":126597,"date":"2021-09-09T13:18:02","date_gmt":"2021-09-09T17:18:02","guid":{"rendered":"https:\/\/linitiative.ca\/International\/senegal-demarrage-du-compact-energie-du-millennium-challenge-corporation\/"},"modified":"2021-09-09T13:18:02","modified_gmt":"2021-09-09T17:18:02","slug":"senegal-demarrage-du-compact-energie-du-millennium-challenge-corporation","status":"publish","type":"post","link":"https:\/\/linitiative.ca\/International\/senegal-demarrage-du-compact-energie-du-millennium-challenge-corporation\/","title":{"rendered":"S\u00e9n\u00e9gal: d\u00e9marrage du Compact \u00e9nergie du Millennium Challenge Corporation"},"content":{"rendered":"<div>\n<p><img loading=\"lazy\" decoding=\"async\" width=\"297\" height=\"170\" src=\"https:\/\/linitiative.ca\/International\/wp-content\/uploads\/sites\/23\/2021\/09\/16312078825696.jpg\" class=\"attachment-post-thumbnail size-post-thumbnail wp-post-image\" alt=\"\" srcset=\"https:\/\/linitiative.ca\/International\/wp-content\/uploads\/sites\/23\/2021\/09\/16312078825696.jpg 297w, https:\/\/www.journalducameroun.com\/wp-content\/uploads\/2021\/09\/16312078825696-350x200.jpg 350w\" sizes=\"auto, (max-width: 297px) 100vw, 297px\"><\/p>\n<p>Ce programme, fruit de la bonne coop\u00e9ration entre Dakar et Washington, vise \u00e0 renforcer le secteur de l&rsquo;\u00e9lectricit\u00e9 au S\u00e9n\u00e9gal.Le \u00ab Senegal Power Compact du Millennium Challenge Corporation (appellation anglaise) \u00bb est d\u00e9sormais effectif. Il est dot\u00e9 d&rsquo;une enveloppe de 600 millions de dollars US, soit 330 milliards de FCFA. Il comprend un don de 550 millions de dollars US de la part du gouvernement des \u00c9tats-Unis d&rsquo;Am\u00e9rique et une contribution suppl\u00e9mentaire de 50 millions de dollars US du gouvernement du S\u00e9n\u00e9gal.<\/p>\n<p>D&rsquo;une dur\u00e9e de cinq ans, le programme sera mis en \u0153uvre par le Millennium Challenge Account-S\u00e9n\u00e9gal II (MCA-S\u00e9n\u00e9gal II).<\/p>\n<p>Ce deuxi\u00e8me Compact du MCC est enti\u00e8rement d\u00e9di\u00e9 au secteur de l&rsquo;\u00e9lectricit\u00e9. Il vise \u00e0 r\u00e9duire la pauvret\u00e9 au S\u00e9n\u00e9gal \u00e0 travers le renforcement du secteur de l&rsquo;\u00e9lectricit\u00e9, l&rsquo;am\u00e9lioration de la fiabilit\u00e9, l&rsquo;\u00e9largissement de l&rsquo;acc\u00e8s \u00e0 l&rsquo;\u00e9lectricit\u00e9, notamment en zones rurales et p\u00e9ri urbaines.<\/p>\n<p>Il est \u00e9galement pr\u00e9vu la mise en place d&rsquo;un cadre r\u00e9glementaire propice au d\u00e9veloppement, \u00e0 l&rsquo;am\u00e9lioration des performances et \u00e0 la viabilit\u00e9 financi\u00e8re du secteur de l&rsquo;\u00e9lectricit\u00e9 au S\u00e9n\u00e9gal.<\/p>\n<p>\u00ab Le Gouvernement du S\u00e9n\u00e9gal est heureux de lancer ce second Compact, fruit de la coop\u00e9ration avec les Etats Unis d&rsquo;Am\u00e9rique. (Car) Le secteur de l&rsquo;\u00e9nergie constitue un des piliers du Plan S\u00e9n\u00e9gal Emergent (PSE) \u00bb, a d\u00e9clar\u00e9 la ministre du P\u00e9trole et des Energies, Mme Aissatou Sophie Gladima.<\/p>\n<p>Pour l&rsquo;ambassadeur des \u00c9tats-Unis au S\u00e9n\u00e9gal, Tulinabo S. Mushingi, \u00ab ces nouveaux investissements dans le secteur de l&rsquo;\u00e9lectricit\u00e9 sont un autre pas en avant pour garantir que tous les S\u00e9n\u00e9galais aient acc\u00e8s \u00e0 une \u00e9lectricit\u00e9 fiable \u00bb.<\/p>\n<p>De son c\u00f4t\u00e9, le Directeur g\u00e9n\u00e9ral du MCA-S\u00e9n\u00e9gal II, Oumar Diop a assur\u00e9 qu&rsquo;\u00ab en tant qu&rsquo;entit\u00e9 de mise en \u0153uvre du Compact, le MCA-S\u00e9n\u00e9gal II d\u00e9ploiera toutes les comp\u00e9tences et les moyens n\u00e9cessaires \u00e0 la r\u00e9ussite du programme. \u00bb<\/p>\n<p>Lors du Conseil des ministres tenu hier au Palais de la R\u00e9publique, le Pr\u00e9sident Macky Sall \u00ab a adress\u00e9 ses vifs remerciements au gouvernement am\u00e9ricain pour ce deuxi\u00e8me compact octroy\u00e9 au S\u00e9n\u00e9gal apr\u00e8s le premier consacr\u00e9 aux infrastructures et \u00e0 l&rsquo;irrigation \u00bb.<\/p>\n<p>C&rsquo;est la deuxi\u00e8me fois que le S\u00e9n\u00e9gal b\u00e9n\u00e9ficie d&rsquo;un programme de ce genre. Le premier Compact du MCC, entre les deux gouvernements, cl\u00f4tur\u00e9 en septembre 2015, \u00e9tait dot\u00e9 d&rsquo;une enveloppe de 300 milliards de FCFA.<\/p>\n<p>Il a stimul\u00e9 la croissance \u00e9conomique \u00e0 travers la lib\u00e9ration du potentiel de la productivit\u00e9 agricole du pays et l&rsquo;\u00e9largissement de l&rsquo;acc\u00e8s aux march\u00e9s et aux services.<\/p>\n<p>Les projets du Compact I portaient sur des investissements strat\u00e9giques dans les r\u00e9seaux routiers et les syst\u00e8mes d&rsquo;irrigation dans la vall\u00e9e du fleuve S\u00e9n\u00e9gal au nord et en Casamance au sud.<\/p>\n<p>Cet article <a rel=\"nofollow\" href=\"https:\/\/www.journalducameroun.com\/senegal-demarrage-du-compact-energie-du-millennium-challenge-corporation\/\">S\u00e9n\u00e9gal: d\u00e9marrage du Compact \u00e9nergie du Millennium Challenge Corporation<\/a> est apparu en premier sur <a rel=\"nofollow\" href=\"https:\/\/www.journalducameroun.com\/\">Journal du Cameroun<\/a>.<\/p>\n<\/div>\n<p>Auteur: APA News<br \/>\n<a href=\"https:\/\/www.journalducameroun.com\/senegal-demarrage-du-compact-energie-du-millennium-challenge-corporation\/\">Cliquez ici pour lire l&rsquo;article depuis sa source.<\/a><\/p>\n","protected":false},"excerpt":{"rendered":"<p>Ce programme, fruit de la bonne coop\u00e9ration entre Dakar et Washington, vise \u00e0 renforcer le secteur de l&rsquo;\u00e9lectricit\u00e9 au S\u00e9n\u00e9gal.Le \u00ab Senegal Power Compact du Millennium Challenge Corporation (appellation anglaise) \u00bb est d\u00e9sormais effectif. Il est dot\u00e9 d&rsquo;une enveloppe de 600 millions de dollars US, soit 330 milliards de FCFA. Il comprend un don de [&hellip;]<\/p>\n","protected":false},"author":1965,"featured_media":0,"comment_status":"closed","ping_status":"closed","sticky":false,"template":"","format":"standard","meta":{"fifu_image_url":"https:\/\/www.journalducameroun.com\/wp-content\/uploads\/2021\/09\/16312078825696.jpg","fifu_image_alt":"S\u00e9n\u00e9gal: d\u00e9marrage du Compact \u00e9nergie du Millennium Challenge Corporation","footnotes":""},"categories":[73,82],"tags":[],"class_list":["post-126597","post","type-post","status-publish","format-standard","hentry","category-actualite","category-cameroun"],"_links":{"self":[{"href":"https:\/\/linitiative.ca\/International\/wp-json\/wp\/v2\/posts\/126597","targetHints":{"allow":["GET"]}}],"collection":[{"href":"https:\/\/linitiative.ca\/International\/wp-json\/wp\/v2\/posts"}],"about":[{"href":"https:\/\/linitiative.ca\/International\/wp-json\/wp\/v2\/types\/post"}],"author":[{"embeddable":true,"href":"https:\/\/linitiative.ca\/International\/wp-json\/wp\/v2\/users\/1965"}],"replies":[{"embeddable":true,"href":"https:\/\/linitiative.ca\/International\/wp-json\/wp\/v2\/comments?post=126597"}],"version-history":[{"count":0,"href":"https:\/\/linitiative.ca\/International\/wp-json\/wp\/v2\/posts\/126597\/revisions"}],"wp:attachment":[{"href":"https:\/\/linitiative.ca\/International\/wp-json\/wp\/v2\/media?parent=126597"}],"wp:term":[{"taxonomy":"category","embeddable":true,"href":"https:\/\/linitiative.ca\/International\/wp-json\/wp\/v2\/categories?post=126597"},{"taxonomy":"post_tag","embeddable":true,"href":"https:\/\/linitiative.ca\/International\/wp-json\/wp\/v2\/tags?post=126597"}],"curies":[{"name":"wp","href":"https:\/\/api.w.org\/{rel}","templated":true}]}}