{"id":126599,"date":"2021-09-09T14:18:01","date_gmt":"2021-09-09T18:18:01","guid":{"rendered":"https:\/\/linitiative.ca\/International\/afsud-la-date-des-elections-locales-connue\/"},"modified":"2021-09-09T14:18:01","modified_gmt":"2021-09-09T18:18:01","slug":"afsud-la-date-des-elections-locales-connue","status":"publish","type":"post","link":"https:\/\/linitiative.ca\/International\/afsud-la-date-des-elections-locales-connue\/","title":{"rendered":"Af\u2019Sud : la date des \u00e9lections locales connue"},"content":{"rendered":"<div>\n<p><img loading=\"lazy\" decoding=\"async\" width=\"250\" height=\"200\" src=\"https:\/\/linitiative.ca\/International\/wp-content\/uploads\/sites\/23\/2021\/09\/16312114822740.jpg\" class=\"attachment-post-thumbnail size-post-thumbnail wp-post-image\" alt=\"\"><\/p>\n<p>Le gouvernement sud-africain a fix\u00e9 au 1er novembre la date des \u00e9lections locales, a annonc\u00e9 ce jeudi la ministre de la Gouvernance coop\u00e9rative et des Affaires traditionnelles, Nkosazana Dlamini-Zuma.La d\u00e9cision est prise apr\u00e8s que la Cour constitutionnelle a rejet\u00e9, le 3 septembre dernier, une demande de report de ces joutes \u00e9lectorales pr\u00e9sent\u00e9e par la Commission \u00e9lectorale ind\u00e9pendante (IEC).<\/p>\n<p>\u00ab Apr\u00e8s consultation de l&rsquo;IEC, nous avons d\u00e9cid\u00e9 que les \u00e9lections locales de cette ann\u00e9e auront lieu le 1er novembre 2021 \u00bb, a d\u00e9clar\u00e9 Mme Nkosazana-Zuma.<\/p>\n<p>Les Sud-Africains sont appel\u00e9s aux urnes pour \u00e9lire les dirigeants des 257 municipalit\u00e9s du pays.<\/p>\n<p>Cet article <a rel=\"nofollow\" href=\"https:\/\/www.journalducameroun.com\/afsud-la-date-des-elections-locales-connue\/\">Af\u2019Sud : la date des \u00e9lections locales connue<\/a> est apparu en premier sur <a rel=\"nofollow\" href=\"https:\/\/www.journalducameroun.com\/\">Journal du Cameroun<\/a>.<\/p>\n<\/div>\n<p>Auteur: APA News<br \/>\n<a href=\"https:\/\/www.journalducameroun.com\/afsud-la-date-des-elections-locales-connue\/\">Cliquez ici pour lire l&rsquo;article depuis sa source.<\/a><\/p>\n","protected":false},"excerpt":{"rendered":"<p>Le gouvernement sud-africain a fix\u00e9 au 1er novembre la date des \u00e9lections locales, a annonc\u00e9 ce jeudi la ministre de la Gouvernance coop\u00e9rative et des Affaires traditionnelles, Nkosazana Dlamini-Zuma.La d\u00e9cision est prise apr\u00e8s que la Cour constitutionnelle a rejet\u00e9, le 3 septembre dernier, une demande de report de ces joutes \u00e9lectorales pr\u00e9sent\u00e9e par la Commission [&hellip;]<\/p>\n","protected":false},"author":1965,"featured_media":0,"comment_status":"closed","ping_status":"closed","sticky":false,"template":"","format":"standard","meta":{"fifu_image_url":"https:\/\/www.journalducameroun.com\/wp-content\/uploads\/2021\/09\/16312114822740.jpg","fifu_image_alt":"Af\u2019Sud : la date des \u00e9lections locales connue","footnotes":""},"categories":[73,82],"tags":[],"class_list":["post-126599","post","type-post","status-publish","format-standard","hentry","category-actualite","category-cameroun"],"_links":{"self":[{"href":"https:\/\/linitiative.ca\/International\/wp-json\/wp\/v2\/posts\/126599","targetHints":{"allow":["GET"]}}],"collection":[{"href":"https:\/\/linitiative.ca\/International\/wp-json\/wp\/v2\/posts"}],"about":[{"href":"https:\/\/linitiative.ca\/International\/wp-json\/wp\/v2\/types\/post"}],"author":[{"embeddable":true,"href":"https:\/\/linitiative.ca\/International\/wp-json\/wp\/v2\/users\/1965"}],"replies":[{"embeddable":true,"href":"https:\/\/linitiative.ca\/International\/wp-json\/wp\/v2\/comments?post=126599"}],"version-history":[{"count":0,"href":"https:\/\/linitiative.ca\/International\/wp-json\/wp\/v2\/posts\/126599\/revisions"}],"wp:attachment":[{"href":"https:\/\/linitiative.ca\/International\/wp-json\/wp\/v2\/media?parent=126599"}],"wp:term":[{"taxonomy":"category","embeddable":true,"href":"https:\/\/linitiative.ca\/International\/wp-json\/wp\/v2\/categories?post=126599"},{"taxonomy":"post_tag","embeddable":true,"href":"https:\/\/linitiative.ca\/International\/wp-json\/wp\/v2\/tags?post=126599"}],"curies":[{"name":"wp","href":"https:\/\/api.w.org\/{rel}","templated":true}]}}