{"id":126601,"date":"2021-09-09T14:18:02","date_gmt":"2021-09-09T18:18:02","guid":{"rendered":"https:\/\/linitiative.ca\/International\/lesotho-suspension-des-permis-de-sejour-pour-les-etrangers\/"},"modified":"2021-09-09T14:18:02","modified_gmt":"2021-09-09T18:18:02","slug":"lesotho-suspension-des-permis-de-sejour-pour-les-etrangers","status":"publish","type":"post","link":"https:\/\/linitiative.ca\/International\/lesotho-suspension-des-permis-de-sejour-pour-les-etrangers\/","title":{"rendered":"Lesotho : suspension des permis de s\u00e9jour pour les \u00e9trangers"},"content":{"rendered":"<div>\n<p><img loading=\"lazy\" decoding=\"async\" width=\"250\" height=\"200\" src=\"https:\/\/linitiative.ca\/International\/wp-content\/uploads\/sites\/23\/2021\/09\/16312114839620.jpg\" class=\"attachment-post-thumbnail size-post-thumbnail wp-post-image\" alt=\"\"><\/p>\n<p>Le Lesotho a suspendu la d\u00e9livrance de permis de s\u00e9jour, citant des all\u00e9gations d&rsquo;abus du syst\u00e8me d&rsquo;immigration du pays \u00e0 des fins de trafic d&rsquo;\u00eatres humains.Le ministre de l&rsquo;Int\u00e9rieur, Motlalentoa Letsosa, a d\u00e9clar\u00e9 ce jeudi que le royaume avait, avec effet imm\u00e9diat, cess\u00e9 de d\u00e9livrer des permis de s\u00e9jour, suite \u00e0 des r\u00e9v\u00e9lations selon lesquelles certains \u00e9trangers utilisent ces permis pour se d\u00e9placer facilement dans le monde sans trop de contr\u00f4le.<\/p>\n<p>\u00a0\u00ab Nous soup\u00e7onnons que des personnes poss\u00e9dant notre citoyennet\u00e9 mais ne r\u00e9sidant pas dans ce pays l&rsquo;utilisent comme point de transit pour s&rsquo;infiltrer dans d&rsquo;autres pays \u00bb, a d\u00e9clar\u00e9 M. Letsosa.<\/p>\n<p>\u00a0Il a ajout\u00e9 que ces personnes salissent l&rsquo;image du Lesotho et ses bonnes relations avec d&rsquo;autres pays, informant que son minist\u00e8re avait lanc\u00e9 une enqu\u00eate sur cette affaire et qu&rsquo;il publiera un rapport dans trois mois.<\/p>\n<p>Cet article <a rel=\"nofollow\" href=\"https:\/\/www.journalducameroun.com\/lesotho-suspension-des-permis-de-sejour-pour-les-etrangers\/\">Lesotho : suspension des permis de s\u00e9jour pour les \u00e9trangers<\/a> est apparu en premier sur <a rel=\"nofollow\" href=\"https:\/\/www.journalducameroun.com\/\">Journal du Cameroun<\/a>.<\/p>\n<\/div>\n<p>Auteur: APA News<br \/>\n<a href=\"https:\/\/www.journalducameroun.com\/lesotho-suspension-des-permis-de-sejour-pour-les-etrangers\/\">Cliquez ici pour lire l&rsquo;article depuis sa source.<\/a><\/p>\n","protected":false},"excerpt":{"rendered":"<p>Le Lesotho a suspendu la d\u00e9livrance de permis de s\u00e9jour, citant des all\u00e9gations d&rsquo;abus du syst\u00e8me d&rsquo;immigration du pays \u00e0 des fins de trafic d&rsquo;\u00eatres humains.Le ministre de l&rsquo;Int\u00e9rieur, Motlalentoa Letsosa, a d\u00e9clar\u00e9 ce jeudi que le royaume avait, avec effet imm\u00e9diat, cess\u00e9 de d\u00e9livrer des permis de s\u00e9jour, suite \u00e0 des r\u00e9v\u00e9lations selon lesquelles [&hellip;]<\/p>\n","protected":false},"author":1965,"featured_media":0,"comment_status":"closed","ping_status":"closed","sticky":false,"template":"","format":"standard","meta":{"fifu_image_url":"https:\/\/www.journalducameroun.com\/wp-content\/uploads\/2021\/09\/16312114839620.jpg","fifu_image_alt":"Lesotho : suspension des permis de s\u00e9jour pour les \u00e9trangers","footnotes":""},"categories":[73,82],"tags":[],"class_list":["post-126601","post","type-post","status-publish","format-standard","hentry","category-actualite","category-cameroun"],"_links":{"self":[{"href":"https:\/\/linitiative.ca\/International\/wp-json\/wp\/v2\/posts\/126601","targetHints":{"allow":["GET"]}}],"collection":[{"href":"https:\/\/linitiative.ca\/International\/wp-json\/wp\/v2\/posts"}],"about":[{"href":"https:\/\/linitiative.ca\/International\/wp-json\/wp\/v2\/types\/post"}],"author":[{"embeddable":true,"href":"https:\/\/linitiative.ca\/International\/wp-json\/wp\/v2\/users\/1965"}],"replies":[{"embeddable":true,"href":"https:\/\/linitiative.ca\/International\/wp-json\/wp\/v2\/comments?post=126601"}],"version-history":[{"count":0,"href":"https:\/\/linitiative.ca\/International\/wp-json\/wp\/v2\/posts\/126601\/revisions"}],"wp:attachment":[{"href":"https:\/\/linitiative.ca\/International\/wp-json\/wp\/v2\/media?parent=126601"}],"wp:term":[{"taxonomy":"category","embeddable":true,"href":"https:\/\/linitiative.ca\/International\/wp-json\/wp\/v2\/categories?post=126601"},{"taxonomy":"post_tag","embeddable":true,"href":"https:\/\/linitiative.ca\/International\/wp-json\/wp\/v2\/tags?post=126601"}],"curies":[{"name":"wp","href":"https:\/\/api.w.org\/{rel}","templated":true}]}}