{"id":126603,"date":"2021-09-09T15:18:02","date_gmt":"2021-09-09T19:18:02","guid":{"rendered":"https:\/\/linitiative.ca\/International\/maroc-le-liberal-akhannouch-a-la-tete-du-prochain-gouvernement\/"},"modified":"2021-09-09T15:18:02","modified_gmt":"2021-09-09T19:18:02","slug":"maroc-le-liberal-akhannouch-a-la-tete-du-prochain-gouvernement","status":"publish","type":"post","link":"https:\/\/linitiative.ca\/International\/maroc-le-liberal-akhannouch-a-la-tete-du-prochain-gouvernement\/","title":{"rendered":"Maroc : Le lib\u00e9ral Akhannouch \u00e0 la t\u00eate du prochain gouvernement?"},"content":{"rendered":"<div>\n<p><img loading=\"lazy\" decoding=\"async\" width=\"704\" height=\"371\" src=\"https:\/\/linitiative.ca\/International\/wp-content\/uploads\/sites\/23\/2021\/09\/16312150827770.jpg\" class=\"attachment-post-thumbnail size-post-thumbnail wp-post-image\" alt=\"\" srcset=\"https:\/\/linitiative.ca\/International\/wp-content\/uploads\/sites\/23\/2021\/09\/16312150827770.jpg 704w, https:\/\/www.journalducameroun.com\/wp-content\/uploads\/2021\/09\/16312150827770-300x158.jpg 300w, https:\/\/www.journalducameroun.com\/wp-content\/uploads\/2021\/09\/16312150827770-600x316.jpg 600w\" sizes=\"auto, (max-width: 704px) 100vw, 704px\"><\/p>\n<p>Selon la constitution marocaine de 2011, le chef du gouvernement doit \u00eatre issu des rangs du parti arriv\u00e9 en t\u00eate des l\u00e9gislatives, ce qui place le ministre sortant de l&rsquo;agriculture en bonne position.Au Maroc, le r\u00e9veil a sans doute \u00e9t\u00e9 douloureux, ce jeudi 9 septembre, pour Sa\u00e2d-Eddine El Othmani et ses partisans. Le premier ministre sortant et son Parti pour la justice et le d\u00e9veloppement (PJD), au pouvoir depuis onze ans, sont les grands perdants des \u00e9lections g\u00e9n\u00e9rales organis\u00e9es la veille dans le royaume. Perdant son si\u00e8ge de d\u00e9put\u00e9 \u00e0 Rabat, la capitale, le chef de file des islamistes mod\u00e9r\u00e9 voit son parti subir une grosse d\u00e9faite, passant de 125 d\u00e9put\u00e9s sur 395 \u00e0 seulement 12. Autant dire, une claque.\u00a0<\/p>\n<p>En raison de signes manifestes d&rsquo;usure du pouvoir, de de r\u00e9sultats peu reluisants sur le plan du pouvoir d&rsquo;achat et de l&#8217;emploi, mais aussi du nouveau syst\u00e8me de r\u00e9partition des si\u00e8ges (bas\u00e9 sur le nombre total des \u00e9lecteurs inscrits dans la circonscription, et non pas sur celui des suffrages exprim\u00e9s), il n&rsquo;y avait pas grand monde qui misait sur une r\u00e9p\u00e9tition des jolis scores auxquels la branche marocaine du courant des Fr\u00e8res Musulmans a habitu\u00e9 les Marocains depuis une dizaine d&rsquo;ann\u00e9e. Mais personne ne pr\u00e9voyait non plus une si violente d\u00e9gringolade d&rsquo;un PJD dont le bilan g\u00e9n\u00e9ral des derni\u00e8res ann\u00e9es au pouvoir n&rsquo;est pas exempt de bonne choses, comme l&rsquo;exemplaire gestion de l&rsquo;\u00e9pid\u00e9mie de Covid19 par l&rsquo;\u00e9quipe du Premier ministre sortant Sa\u00e2d-Eddine El Othmani. \u00a0<\/p>\n<p>Selon les r\u00e9sultats provisoires publi\u00e9s dans la nuit de mercredi \u00e0 jeudi par le minist\u00e8re de l&rsquo;Int\u00e9rieur, la d\u00e9faite des islamistes mod\u00e9r\u00e9s profite surtout \u00e0 au Rassemblement national des ind\u00e9pendants (RNI), un parti lib\u00e9ral et son leader Aziz Akhannouch, ministre de l&rsquo;agriculture sortant qui depuis longtemps nourrit le r\u00eave de prendre la t\u00eate du gouvernement. Pas loin de doubler ses 60 si\u00e8ges de la l\u00e9gislature sortante, le RNI obtient 102 si\u00e8ges, selon les r\u00e9sultats provisoires. Se revendiquant \u00e9galement du courant lib\u00e9ral, le Parti authenticit\u00e9 et modernit\u00e9 (PAM) et farouche adversaire des islamistes arriv\u00e9, selon les m\u00eames r\u00e9sultats, en deuxi\u00e8me position avec 87 si\u00e8ges. Il est suivi du Parti de l&rsquo;Istiqlal Parti de l&rsquo;ind\u00e9pendance, en fran\u00e7ais), la plus ancienne formation politique du pays, qui obtient 81 si\u00e8ges). Arrivent ensuite \u00a0les sociaux d\u00e9mocrates de l&rsquo;Union Socialiste des Forces Populaires (USFP) qui gagnent 34 si\u00e8ges, laissant une dizaine d&rsquo;autres partis se partager ce qui reste des 395 que compte la Chambre des repr\u00e9sentants dont l&rsquo;\u00e9lection des futures membres co\u00efncidait, cette fois, avec celle des conseils r\u00e9gionaux et communaux.\u00a0<\/p>\n<p>La constitution adopt\u00e9e en 2011, et qui avait \u00e0 l&rsquo;\u00e9poque \u00e9pargn\u00e9 au Maroc les effets des fameux \u00ab Printemps Arabes \u00bb qui ont d\u00e9stabilis\u00e9 ou emport\u00e9 nombre de r\u00e9gimes d&rsquo;Afrique du Nord et du Moyen-Orient, pr\u00e9voit que le Roi d\u00e9signe le chef du gouvernement parmi les rangs du parti arriv\u00e9 en t\u00eate des l\u00e9gislatives. Ce qui, selon toute vraisemblance, place le patron du RNI dans la position du futur num\u00e9ro un du gouvernement marocain.\u00a0<\/p>\n<p>Cet homme r\u00e9put\u00e9 \u00eatre une des plus grosses fortunes du Royaume ch\u00e9rifien est \u00e0 la t\u00eate du Minist\u00e8re de l&rsquo;Agriculture, depuis quatorze ans. C&rsquo;est-\u00e0-dire bien avant l&rsquo;arriv\u00e9e initiale au gouvernement d&rsquo;un Premier ministre issu des rangs du PJD, victorieux des deux derni\u00e8res \u00a0l\u00e9gislatives de 2011 et 2016.\u00a0<\/p>\n<p>P\u00e8re du fameux plan \u00ab\u00a0Maroc vert\u00a0\u00bb, Akhannouch est \u00e0 l&rsquo;origine des r\u00e9sultats tr\u00e8s performants de l&rsquo;agriculture marocaine ces derni\u00e8res ann\u00e9es, avec une hausse r\u00e9guli\u00e8re de la production et des exportations du pays.\u00a0<\/p>\n<p>Si apr\u00e8s la confirmation d\u00e9finitive des r\u00e9sultats de ces \u00e9lections o\u00f9 le taux de participation a largement d\u00e9pass\u00e9 celui de 2016 avec plus de \u00a050% contre seulement 43%, le chef du RNI est d\u00e9sign\u00e9 par le roi Mohamed VI \u00e0 la t\u00eate du gouvernement, le richissime homme d&rsquo;affaires sait \u00e0 quoi il devra s&rsquo;attendre. Sa mission principale sera de sortir le pays de la crise sanitaire et des difficult\u00e9s \u00e9conomiques r\u00e9sultants de l&rsquo;\u00e9pid\u00e9mie du nouveau coronavirus et de mettre en \u0153uvre les r\u00e9formes structurelles sugg\u00e9r\u00e9e par un rapport r\u00e9cent qui vise \u00e0 faire du royaume africain\u00ab un pays \u00e9mergent \u00e0 l&rsquo;horizon 2030 \u00bb. Une lourde t\u00e2che.\u00a0<\/p>\n<p>Cet article <a rel=\"nofollow\" href=\"https:\/\/www.journalducameroun.com\/maroc-le-liberal-akhannouch-a-la-tete-du-prochain-gouvernement\/\">Maroc : Le lib\u00e9ral Akhannouch \u00e0 la t\u00eate du prochain gouvernement?<\/a> est apparu en premier sur <a rel=\"nofollow\" href=\"https:\/\/www.journalducameroun.com\/\">Journal du Cameroun<\/a>.<\/p>\n<\/div>\n<p>Auteur: APA News<br \/>\n<a href=\"https:\/\/www.journalducameroun.com\/maroc-le-liberal-akhannouch-a-la-tete-du-prochain-gouvernement\/\">Cliquez ici pour lire l&rsquo;article depuis sa source.<\/a><\/p>\n","protected":false},"excerpt":{"rendered":"<p>Selon la constitution marocaine de 2011, le chef du gouvernement doit \u00eatre issu des rangs du parti arriv\u00e9 en t\u00eate des l\u00e9gislatives, ce qui place le ministre sortant de l&rsquo;agriculture en bonne position.Au Maroc, le r\u00e9veil a sans doute \u00e9t\u00e9 douloureux, ce jeudi 9 septembre, pour Sa\u00e2d-Eddine El Othmani et ses partisans. Le premier ministre [&hellip;]<\/p>\n","protected":false},"author":1965,"featured_media":0,"comment_status":"closed","ping_status":"closed","sticky":false,"template":"","format":"standard","meta":{"fifu_image_url":"https:\/\/www.journalducameroun.com\/wp-content\/uploads\/2021\/09\/16312150827770.jpg","fifu_image_alt":"Maroc : Le lib\u00e9ral Akhannouch \u00e0 la t\u00eate du prochain gouvernement?","footnotes":""},"categories":[73,82],"tags":[],"class_list":["post-126603","post","type-post","status-publish","format-standard","hentry","category-actualite","category-cameroun"],"_links":{"self":[{"href":"https:\/\/linitiative.ca\/International\/wp-json\/wp\/v2\/posts\/126603","targetHints":{"allow":["GET"]}}],"collection":[{"href":"https:\/\/linitiative.ca\/International\/wp-json\/wp\/v2\/posts"}],"about":[{"href":"https:\/\/linitiative.ca\/International\/wp-json\/wp\/v2\/types\/post"}],"author":[{"embeddable":true,"href":"https:\/\/linitiative.ca\/International\/wp-json\/wp\/v2\/users\/1965"}],"replies":[{"embeddable":true,"href":"https:\/\/linitiative.ca\/International\/wp-json\/wp\/v2\/comments?post=126603"}],"version-history":[{"count":0,"href":"https:\/\/linitiative.ca\/International\/wp-json\/wp\/v2\/posts\/126603\/revisions"}],"wp:attachment":[{"href":"https:\/\/linitiative.ca\/International\/wp-json\/wp\/v2\/media?parent=126603"}],"wp:term":[{"taxonomy":"category","embeddable":true,"href":"https:\/\/linitiative.ca\/International\/wp-json\/wp\/v2\/categories?post=126603"},{"taxonomy":"post_tag","embeddable":true,"href":"https:\/\/linitiative.ca\/International\/wp-json\/wp\/v2\/tags?post=126603"}],"curies":[{"name":"wp","href":"https:\/\/api.w.org\/{rel}","templated":true}]}}