{"id":126605,"date":"2021-09-09T17:18:01","date_gmt":"2021-09-09T21:18:01","guid":{"rendered":"https:\/\/linitiative.ca\/International\/cote-divoire-vers-lexigence-dun-pass-sanitaire-covid-19-dans-les-lieux-publics\/"},"modified":"2021-09-09T17:18:01","modified_gmt":"2021-09-09T21:18:01","slug":"cote-divoire-vers-lexigence-dun-pass-sanitaire-covid-19-dans-les-lieux-publics","status":"publish","type":"post","link":"https:\/\/linitiative.ca\/International\/cote-divoire-vers-lexigence-dun-pass-sanitaire-covid-19-dans-les-lieux-publics\/","title":{"rendered":"C\u00f4te d\u2019Ivoire: vers l\u2019exigence d\u2019un pass sanitaire Covid-19 dans les lieux publics"},"content":{"rendered":"<div>\n<p><img loading=\"lazy\" decoding=\"async\" width=\"720\" height=\"479\" src=\"https:\/\/linitiative.ca\/International\/wp-content\/uploads\/sites\/23\/2021\/09\/16312222824941.jpg\" class=\"attachment-post-thumbnail size-post-thumbnail wp-post-image\" alt=\"\" srcset=\"https:\/\/linitiative.ca\/International\/wp-content\/uploads\/sites\/23\/2021\/09\/16312222824941.jpg 720w, https:\/\/www.journalducameroun.com\/wp-content\/uploads\/2021\/09\/16312222824941-300x200.jpg 300w, https:\/\/www.journalducameroun.com\/wp-content\/uploads\/2021\/09\/16312222824941-661x440.jpg 661w, https:\/\/www.journalducameroun.com\/wp-content\/uploads\/2021\/09\/16312222824941-600x399.jpg 600w\" sizes=\"auto, (max-width: 720px) 100vw, 720px\"><\/p>\n<p>La C\u00f4te d&rsquo;Ivoire qui enregistre une vague de contamination \u00e0 la Covid-19, compte \u00ab\u00a0en fonction de l&rsquo;\u00e9volution de l&rsquo;\u00e9pid\u00e9mie\u00a0\u00bb, interdire les espaces publics aux personnes non vaccin\u00e9es ou ne disposant pas d&rsquo;un test PCR n\u00e9gatif de moins de 72 heures.<\/p>\n<p>\u00ab\u00a0En fonction de l&rsquo;\u00e9volution future de l&rsquo;\u00e9pid\u00e9mie dans notre pays, des mesures plus contraignantes seront prises, notamment l&rsquo;interdiction de l&rsquo;acc\u00e8s aux restaurants, maquis, bars, cin\u00e9mas, stades, \u00e9tablissements h\u00f4teliers, b\u00e2timents administratifs publics et priv\u00e9s, universit\u00e9s et grandes \u00e9coles, aux personnes non vaccin\u00e9es ou aux personnes ne disposant pas d&rsquo;attestation de test antig\u00e9nique ou PCR n\u00e9gatif datant de moins de 72 heures\u00a0\u00bb, indique une note du Conseil national de s\u00e9curit\u00e9 \u00a0(CNS), pr\u00e9sid\u00e9 jeudi par le chef de l&rsquo;\u00c9tat ivoirien, Alassane Ouattara.\u00a0<\/p>\n<p>Le chef de l&rsquo;Etat a exhort\u00e9, \u00e0 nouveau, les populations vivant en C\u00f4te d&rsquo;Ivoire \u00e0 se faire vacciner, \u00e0 porter les masques dans les espaces et lieux publics ainsi que les transports en commun, \u00e0 se laver r\u00e9guli\u00e8rement les mains et \u00e0 respecter la distanciation physique.<\/p>\n<p>Au 7 septembre 2021, 1 477 179 doses de vaccins ont \u00e9t\u00e9 administr\u00e9es avec 272 126 personnes ayant re\u00e7u les deux doses dans le pays, selon le ministre de la Sant\u00e9, de l&rsquo;Hygi\u00e8ne Publique et de la Couverture Maladie Universelle.\u00a0<\/p>\n<p>Le ministre de la Sant\u00e9, Pierre Dimba a port\u00e9 \u00e0 la connaissance du Conseil National de S\u00e9curit\u00e9 que la C\u00f4te d&rsquo;Ivoire a \u00a0re\u00e7u le 20 ao\u00fbt 2021, 1 180 530 doses du vaccin Pfizer dans le cadre de l&rsquo;initiative COVAX et le 02 septembre 2021, 100 800 doses du vaccin Johnson and Johnson dans le cadre de l&rsquo;initiative AVATT.<\/p>\n<p>Le Conseil national de s\u00e9curit\u00e9 a d\u00e9cid\u00e9 de l&rsquo;intensification de la sensibilisation sur le respect des mesures barri\u00e8res, qui associera le Corps pr\u00e9fectoral, les \u00e9lus, la Chambre nationale des rois et chefs traditionnels, les guides religieux, les associations et les ONG.<\/p>\n<p>Il a aussi requis l&rsquo;intensification du d\u00e9pistage de la COVID-19 \u00e0 travers les tests rapides antig\u00e9niques gratuits dans les \u00e9tablissements sanitaires publics et priv\u00e9s. Ces tests permettent d&rsquo;identifier les cas suspects dans un d\u00e9lai de 15 minutes.<\/p>\n<p>Les membres ont adopt\u00e9 la r\u00e9duction de 5 \u00e0 3 jours (72h), \u00e0 partir de la date de pr\u00e9l\u00e8vement, du d\u00e9lai de validit\u00e9 des tests PCR pour les passagers arrivant en C\u00f4te d&rsquo;Ivoire par voie a\u00e9rienne, \u00e0 compter\u00a0du lundi 13 septembre 2021.<\/p>\n<p>Ensuite, a-t-il \u00e9t\u00e9 adopt\u00e9, \u00e0 compter du lundi 20 septembre 2021, du \u00ab pass sanitaire \u00bb \u00e0 QR code pour les voyageurs, en vue de r\u00e9duire les fraudes sur les attestations de tests PCR et les carnets de vaccination.<\/p>\n<p>La moyenne du taux de positivit\u00e9 est de 7%, au-dessus du seuil d&rsquo;alerte de 5%, contre \u00a0moins de 3% depuis le d\u00e9but de la pand\u00e9mie en C\u00f4te d&rsquo;Ivoire. Le pays a enregistr\u00e9\u00a0112 d\u00e9c\u00e8s, ce qui repr\u00e9sente 25,4% du nombre total de d\u00e9c\u00e8s depuis le d\u00e9but de la pand\u00e9mie. La totalit\u00e9 des personnes d\u00e9c\u00e9d\u00e9es, en ce mois d&rsquo;ao\u00fbt, n&rsquo;\u00e9taient pas vaccin\u00e9es.<\/p>\n<p>Selon le Ministre en charge de la Sant\u00e9, l&rsquo;accroissement des cas positifs et des d\u00e9c\u00e8s est d\u00fb \u00e0 l&rsquo;intensit\u00e9 des interactions sociales enregistr\u00e9es pendant les vacances scolaires, \u00e0 l&rsquo;arriv\u00e9e, comme dans plusieurs pays de la sous-r\u00e9gion, de la troisi\u00e8me vague de l&rsquo;\u00e9pid\u00e9mie en C\u00f4te d&rsquo;Ivoire avec le variant Delta, et \u00e0 un rel\u00e2chement dans le respect des mesures barri\u00e8res.<\/p>\n<p>Le chef de l&rsquo;Etat a instruit le Premier ministre ivoirien \u00e0 l&rsquo;effet de prendre toutes les dispositions n\u00e9cessaires pour le d\u00e9marrage, le plus rapidement possible, de la production locale de vaccins anti-COVID-19.<\/p>\n<p>Cet article <a rel=\"nofollow\" href=\"https:\/\/www.journalducameroun.com\/cote-divoire-vers-lexigence-dun-pass-sanitaire-covid-19-dans-les-lieux-publics\/\">C\u00f4te d\u2019Ivoire: vers l\u2019exigence d\u2019un pass sanitaire Covid-19 dans les lieux publics<\/a> est apparu en premier sur <a rel=\"nofollow\" href=\"https:\/\/www.journalducameroun.com\/\">Journal du Cameroun<\/a>.<\/p>\n<\/div>\n<p>Auteur: APA News<br \/>\n<a href=\"https:\/\/www.journalducameroun.com\/cote-divoire-vers-lexigence-dun-pass-sanitaire-covid-19-dans-les-lieux-publics\/\">Cliquez ici pour lire l&rsquo;article depuis sa source.<\/a><\/p>\n","protected":false},"excerpt":{"rendered":"<p>La C\u00f4te d&rsquo;Ivoire qui enregistre une vague de contamination \u00e0 la Covid-19, compte \u00ab\u00a0en fonction de l&rsquo;\u00e9volution de l&rsquo;\u00e9pid\u00e9mie\u00a0\u00bb, interdire les espaces publics aux personnes non vaccin\u00e9es ou ne disposant pas d&rsquo;un test PCR n\u00e9gatif de moins de 72 heures. \u00ab\u00a0En fonction de l&rsquo;\u00e9volution future de l&rsquo;\u00e9pid\u00e9mie dans notre pays, des mesures plus contraignantes seront [&hellip;]<\/p>\n","protected":false},"author":1965,"featured_media":0,"comment_status":"closed","ping_status":"closed","sticky":false,"template":"","format":"standard","meta":{"fifu_image_url":"https:\/\/www.journalducameroun.com\/wp-content\/uploads\/2021\/09\/16312222824941.jpg","fifu_image_alt":"C\u00f4te d\u2019Ivoire: vers l\u2019exigence d\u2019un pass sanitaire Covid-19 dans les lieux publics","footnotes":""},"categories":[73,82],"tags":[],"class_list":["post-126605","post","type-post","status-publish","format-standard","hentry","category-actualite","category-cameroun"],"_links":{"self":[{"href":"https:\/\/linitiative.ca\/International\/wp-json\/wp\/v2\/posts\/126605","targetHints":{"allow":["GET"]}}],"collection":[{"href":"https:\/\/linitiative.ca\/International\/wp-json\/wp\/v2\/posts"}],"about":[{"href":"https:\/\/linitiative.ca\/International\/wp-json\/wp\/v2\/types\/post"}],"author":[{"embeddable":true,"href":"https:\/\/linitiative.ca\/International\/wp-json\/wp\/v2\/users\/1965"}],"replies":[{"embeddable":true,"href":"https:\/\/linitiative.ca\/International\/wp-json\/wp\/v2\/comments?post=126605"}],"version-history":[{"count":0,"href":"https:\/\/linitiative.ca\/International\/wp-json\/wp\/v2\/posts\/126605\/revisions"}],"wp:attachment":[{"href":"https:\/\/linitiative.ca\/International\/wp-json\/wp\/v2\/media?parent=126605"}],"wp:term":[{"taxonomy":"category","embeddable":true,"href":"https:\/\/linitiative.ca\/International\/wp-json\/wp\/v2\/categories?post=126605"},{"taxonomy":"post_tag","embeddable":true,"href":"https:\/\/linitiative.ca\/International\/wp-json\/wp\/v2\/tags?post=126605"}],"curies":[{"name":"wp","href":"https:\/\/api.w.org\/{rel}","templated":true}]}}