{"id":126607,"date":"2021-09-09T04:56:30","date_gmt":"2021-09-09T08:56:30","guid":{"rendered":"https:\/\/linitiative.ca\/International\/a-kribi-la-construction-de-la-cite-des-douaniers-et-limmeuble-siege-du-secteur-des-douanes-du-sud-2-se-precise\/"},"modified":"2021-09-09T04:56:30","modified_gmt":"2021-09-09T08:56:30","slug":"a-kribi-la-construction-de-la-cite-des-douaniers-et-limmeuble-siege-du-secteur-des-douanes-du-sud-2-se-precise","status":"publish","type":"post","link":"https:\/\/linitiative.ca\/International\/a-kribi-la-construction-de-la-cite-des-douaniers-et-limmeuble-siege-du-secteur-des-douanes-du-sud-2-se-precise\/","title":{"rendered":"A Kribi, la construction de la Cit\u00e9 des Douaniers et l\u2019immeuble si\u00e8ge du Secteur des Douanes du Sud 2 se pr\u00e9cise"},"content":{"rendered":"<div>\n<p>Le quartier Talla a \u00e9t\u00e9 retenu par la Direction g\u00e9n\u00e9rale des Douanes (DGD) pour la construction de la Cit\u00e9 des Douaniers et l\u2019immeuble si\u00e8ge du Secteur des Douanes du Sud 2. L\u2019infrastructure, dont le co\u00fbt n\u2019a pas encore \u00e9t\u00e9 r\u00e9v\u00e9l\u00e9, sera b\u00e2tie sur un terrain de 15.000 m2.<\/p>\n<p>Rappelons que le quartier Talla (dans l\u2019arrondissement de Kribi 1er, D\u00e9partement de l\u00b4Oc\u00e9an), \u00a0est situ\u00e9 au Sud du domaine du Dioc\u00e8se de Kribi. Ici, la Mission d\u2019Am\u00e9nagement et d\u2019Equipement des Terrains Urbains et Ruraux (Maetur) a am\u00e9nag\u00e9 1\u00a0000 lots d\u2019une superficie respective de 400 m2, 700m2, 800 m2, 1\u00a0000 m2\u00a0et plus.<\/p>\n<p>La Direction G\u00e9n\u00e9rale des Douanes n\u2019a pas communiqu\u00e9 sur le co\u00fbt de l\u2019acquisition de ces parcelles de terre aupr\u00e8s de la Maetur. Mais sur son site Internet, l\u2019entreprise fixe le co\u00fbt du m\u00e8tre carr\u00e9 \u00e0 environ 27.550 FCFA pour les lots \u00e0 usage promoteur et 22.302 pour les lots \u00e0 usage d\u2019habitation.<\/p>\n<p>Les 2 et 3 septembre derniers une d\u00e9l\u00e9gation constitu\u00e9e de responsables de la Maetur et du Secteur des Douanes du Sud II a effectu\u00e9 les 2 et 3 septembre dernier une descente sur le site attribu\u00e9 \u00e0 l\u2019Administration des Douanes dans la ville de Kribi.<\/p>\n<p>Par ailleurs, dans le cadre de la contractualisation d\u2019un b\u00e2timent appartenant au Secteur, une mission du Minist\u00e8re des Domaines, du Cadastre et des Affaires fonci\u00e8res tiendra une s\u00e9ance de travail avec les Responsables du Secteur des Douanes du Sud II, ce mercredi 08 septembre 2021.<\/p>\n<p>Deuxi\u00e8me plus pourvoyeur de recettes douani\u00e8res du Cameroun, le Secteur des Douanes du Sud 2 a collect\u00e9 88,443 milliards de FCFA en 2020. Sur des pr\u00e9visions de recettes douani\u00e8res de 44,243 (Soit +188,9%). Une performance en hausse de 112% sur les recettes recouvr\u00e9es en 2019.<\/p>\n<p><strong>Berty Tounoudjou<\/strong><\/p>\n<p>L\u2019article <a rel=\"nofollow\" href=\"https:\/\/ecomatin.net\/a-kribi-la-construction-n-de-la-cite-des-douaniers-et-limmeuble-siege-du-secteur-des-douanes-du-sud-2-se-precise\/\">A Kribi, la construction de la Cit\u00e9 des Douaniers et l\u2019immeuble si\u00e8ge du Secteur des Douanes du Sud 2 se pr\u00e9cise<\/a> est apparu en premier sur <a rel=\"nofollow\" href=\"https:\/\/ecomatin.net\/\">EcoMatin<\/a>.<\/p>\n<\/div>\n<p>Auteur: EcoMatin<br \/>\n<a href=\"https:\/\/ecomatin.net\/a-kribi-la-construction-n-de-la-cite-des-douaniers-et-limmeuble-siege-du-secteur-des-douanes-du-sud-2-se-precise\/\">Cliquez ici pour lire l&rsquo;article depuis sa source.<\/a><\/p>\n","protected":false},"excerpt":{"rendered":"<p>Le quartier Talla a \u00e9t\u00e9 retenu par la Direction g\u00e9n\u00e9rale des Douanes (DGD) pour la construction de la Cit\u00e9 des Douaniers et l\u2019immeuble si\u00e8ge du Secteur des Douanes du Sud 2. L\u2019infrastructure, dont le co\u00fbt n\u2019a pas encore \u00e9t\u00e9 r\u00e9v\u00e9l\u00e9, sera b\u00e2tie sur un terrain de 15.000 m2. Rappelons que le quartier Talla (dans l\u2019arrondissement [&hellip;]<\/p>\n","protected":false},"author":1969,"featured_media":0,"comment_status":"closed","ping_status":"closed","sticky":false,"template":"","format":"standard","meta":{"fifu_image_url":"","fifu_image_alt":"","footnotes":""},"categories":[82,78],"tags":[],"class_list":["post-126607","post","type-post","status-publish","format-standard","hentry","category-cameroun","category-economie"],"_links":{"self":[{"href":"https:\/\/linitiative.ca\/International\/wp-json\/wp\/v2\/posts\/126607","targetHints":{"allow":["GET"]}}],"collection":[{"href":"https:\/\/linitiative.ca\/International\/wp-json\/wp\/v2\/posts"}],"about":[{"href":"https:\/\/linitiative.ca\/International\/wp-json\/wp\/v2\/types\/post"}],"author":[{"embeddable":true,"href":"https:\/\/linitiative.ca\/International\/wp-json\/wp\/v2\/users\/1969"}],"replies":[{"embeddable":true,"href":"https:\/\/linitiative.ca\/International\/wp-json\/wp\/v2\/comments?post=126607"}],"version-history":[{"count":0,"href":"https:\/\/linitiative.ca\/International\/wp-json\/wp\/v2\/posts\/126607\/revisions"}],"wp:attachment":[{"href":"https:\/\/linitiative.ca\/International\/wp-json\/wp\/v2\/media?parent=126607"}],"wp:term":[{"taxonomy":"category","embeddable":true,"href":"https:\/\/linitiative.ca\/International\/wp-json\/wp\/v2\/categories?post=126607"},{"taxonomy":"post_tag","embeddable":true,"href":"https:\/\/linitiative.ca\/International\/wp-json\/wp\/v2\/tags?post=126607"}],"curies":[{"name":"wp","href":"https:\/\/api.w.org\/{rel}","templated":true}]}}