{"id":126621,"date":"2021-09-10T10:30:51","date_gmt":"2021-09-10T14:30:51","guid":{"rendered":"https:\/\/linitiative.ca\/International\/festival-de-fes-de-la-culture-soufie-une-14eme-edition-100-digitale\/"},"modified":"2021-09-10T10:30:51","modified_gmt":"2021-09-10T14:30:51","slug":"festival-de-fes-de-la-culture-soufie-une-14eme-edition-100-digitale","status":"publish","type":"post","link":"https:\/\/linitiative.ca\/International\/festival-de-fes-de-la-culture-soufie-une-14eme-edition-100-digitale\/","title":{"rendered":"Festival de F\u00e8s de la culture soufie : Une 14\u00e8me \u00e9dition 100% digitale"},"content":{"rendered":"<div>\n<p><img decoding=\"async\" width=\"300\" height=\"153\" src=\"https:\/\/linitiative.ca\/International\/wp-content\/uploads\/sites\/23\/2021\/09\/festival-soufie-300x153-1.jpg\" class=\"attachment-medium size-medium wp-post-image\" alt=\"\" loading=\"lazy\" srcset=\"\/\/aujourdhui.ma\/wp-content\/uploads\/2021\/09\/festival-soufie-300x153.jpg 300w, \/\/aujourdhui.ma\/wp-content\/uploads\/2021\/09\/festival-soufie-274x140.jpg 274w, \/\/aujourdhui.ma\/wp-content\/uploads\/2021\/09\/festival-soufie.jpg 746w, \/\/aujourdhui.ma\/wp-content\/uploads\/2021\/09\/festival-soufie-165x84.jpg 165w, \/\/aujourdhui.ma\/wp-content\/uploads\/2021\/09\/festival-soufie-702x358.jpg 702w\" sizes=\"auto, (max-width: 300px) 100vw, 300px\"><\/p>\n<p><strong>La 14\u00e8me \u00e9dition du Festival de F\u00e8s de la culture soufie aura lieu comme la pr\u00e9c\u00e9dente, sous une forme digitale et ce du 9 au 16 octobre 2021, annoncent les organisateurs dans un communiqu\u00e9 officiel, publi\u00e9 sur la page du festival.<\/strong> <span id=\"more-386338\"><\/span><\/p>\n<p>A propos de ce choix, Faouzi Skali, pr\u00e9sident de cette manifestation culturelle, a \u00e9crit dans son \u00e9ditorial que \u00abla pand\u00e9mie continuant \u00e0 d\u00e9fier les pr\u00e9visions les moins optimistes, d\u00e8s le d\u00e9part il nous a sembl\u00e9 que quelles que soient les difficult\u00e9s auxquelles nous pourrions \u00eatre confront\u00e9s, ce voyage du sens et de la d\u00e9couverte des tr\u00e9sors du patrimoine soufi dans ses diff\u00e9rentes expressions culturelles doit se poursuivre\u00bb.<\/p>\n<p>Et d\u2019ajouter : \u00abParticuli\u00e8rement dans des moments comme ceux que nous traversons et dans lesquels la question de la qu\u00eate du sens n\u2019appara\u00eet plus comme un luxe suppl\u00e9mentaire mais comme ce qu\u2019elle est profond\u00e9ment et que les sages de tous les temps ont d\u00e9crit comme \u00abla seule chose n\u00e9cessaire\u00bb\u00bb. Selon la m\u00eame source, cette \u00e9dition sera pleine de nouveaut\u00e9s. D\u2019ailleurs, elle sera organis\u00e9e sous le th\u00e8me \u00abVoyage sur les Hauts lieux du Soufisme\u00bb. Elle offre par ailleurs des concerts, des tables rondes et des expositions artistiques. Il faut noter que les initiateurs du Festival avaient lanc\u00e9 au d\u00e9but de l\u2019ann\u00e9e 2021 la plateforme digitale \u00abSufi Heritage\u00bb.<\/p>\n<p>Un moyen d\u2019archivage des \u0153uvres et patrimoines soufis sous une grande vari\u00e9t\u00e9 de supports, de la vid\u00e9o aux collections rares de manuscrits digitalis\u00e9s. Sa mission consiste \u00e0 pr\u00e9server la culture soufie mais en m\u00eame temps \u00e0 la faire vivre \u00e0 travers des enseignements de master class d\u2019une fa\u00e7on continue. Aussi, la plate-forme constitue non seulement un espace de vie culturel et spirituel mais aussi un incubateur de sagesse pour les g\u00e9n\u00e9rations \u00e0 venir. Durant cette ann\u00e9e, elle avait propos\u00e9 des master class sur les arts et m\u00e9tiers traditionnels de la culture soufie, avec l\u2019intervention de sp\u00e9cialistes de divers aspects de la culture \u00e0 l\u2019instar de Kudsi Erg\u00fcner, Fran\u00e7oise Atlan, Jean During, Denis Gril ou Faouzi Skali\u2026 Chacun des conf\u00e9renciers a abord\u00e9 des th\u00e8mes propres \u00e0 ses domaines de recherche et d\u2019enseignement.<\/p>\n<\/div>\n<p>Auteur: Siham Jadraoui<br \/>\n<a href=\"https:\/\/aujourdhui.ma\/culture\/festival-de-fes-de-la-culture-soufie-une-14eme-edition-100-digitale\">Cliquez ici pour lire l&rsquo;article depuis sa source.<\/a><\/p>\n","protected":false},"excerpt":{"rendered":"<p>La 14\u00e8me \u00e9dition du Festival de F\u00e8s de la culture soufie aura lieu comme la pr\u00e9c\u00e9dente, sous une forme digitale et ce du 9 au 16 octobre 2021, annoncent les organisateurs dans un communiqu\u00e9 officiel, publi\u00e9 sur la page du festival. A propos de ce choix, Faouzi Skali, pr\u00e9sident de cette manifestation culturelle, a \u00e9crit [&hellip;]<\/p>\n","protected":false},"author":1759,"featured_media":0,"comment_status":"closed","ping_status":"closed","sticky":false,"template":"","format":"standard","meta":{"fifu_image_url":"https:\/\/aujourdhui.ma\/wp-content\/uploads\/2021\/09\/festival-soufie-300x153.jpg","fifu_image_alt":"Festival de F\u00e8s de la culture soufie : Une 14\u00e8me \u00e9dition 100% digitale","footnotes":""},"categories":[73,54],"tags":[],"class_list":["post-126621","post","type-post","status-publish","format-standard","hentry","category-actualite","category-maroc"],"_links":{"self":[{"href":"https:\/\/linitiative.ca\/International\/wp-json\/wp\/v2\/posts\/126621","targetHints":{"allow":["GET"]}}],"collection":[{"href":"https:\/\/linitiative.ca\/International\/wp-json\/wp\/v2\/posts"}],"about":[{"href":"https:\/\/linitiative.ca\/International\/wp-json\/wp\/v2\/types\/post"}],"author":[{"embeddable":true,"href":"https:\/\/linitiative.ca\/International\/wp-json\/wp\/v2\/users\/1759"}],"replies":[{"embeddable":true,"href":"https:\/\/linitiative.ca\/International\/wp-json\/wp\/v2\/comments?post=126621"}],"version-history":[{"count":0,"href":"https:\/\/linitiative.ca\/International\/wp-json\/wp\/v2\/posts\/126621\/revisions"}],"wp:attachment":[{"href":"https:\/\/linitiative.ca\/International\/wp-json\/wp\/v2\/media?parent=126621"}],"wp:term":[{"taxonomy":"category","embeddable":true,"href":"https:\/\/linitiative.ca\/International\/wp-json\/wp\/v2\/categories?post=126621"},{"taxonomy":"post_tag","embeddable":true,"href":"https:\/\/linitiative.ca\/International\/wp-json\/wp\/v2\/tags?post=126621"}],"curies":[{"name":"wp","href":"https:\/\/api.w.org\/{rel}","templated":true}]}}