{"id":126623,"date":"2021-09-10T11:00:49","date_gmt":"2021-09-10T15:00:49","guid":{"rendered":"https:\/\/linitiative.ca\/International\/deux-professeurs-marocains-contribuent-dans-une-publication-dediee-a-lafrique\/"},"modified":"2021-09-10T11:00:49","modified_gmt":"2021-09-10T15:00:49","slug":"deux-professeurs-marocains-contribuent-dans-une-publication-dediee-a-lafrique","status":"publish","type":"post","link":"https:\/\/linitiative.ca\/International\/deux-professeurs-marocains-contribuent-dans-une-publication-dediee-a-lafrique\/","title":{"rendered":"Deux professeurs marocains contribuent dans une publication d\u00e9di\u00e9e \u00e0 l\u2019Afrique"},"content":{"rendered":"<div>\n<p><img decoding=\"async\" width=\"300\" height=\"153\" src=\"https:\/\/linitiative.ca\/International\/wp-content\/uploads\/sites\/23\/2021\/09\/legs-et-litterature-300x153-1.jpg\" class=\"attachment-medium size-medium wp-post-image\" alt=\"\" loading=\"lazy\" srcset=\"\/\/aujourdhui.ma\/wp-content\/uploads\/2021\/09\/legs-et-litterature-300x153.jpg 300w, \/\/aujourdhui.ma\/wp-content\/uploads\/2021\/09\/legs-et-litterature-274x140.jpg 274w, \/\/aujourdhui.ma\/wp-content\/uploads\/2021\/09\/legs-et-litterature.jpg 746w, \/\/aujourdhui.ma\/wp-content\/uploads\/2021\/09\/legs-et-litterature-165x84.jpg 165w, \/\/aujourdhui.ma\/wp-content\/uploads\/2021\/09\/legs-et-litterature-702x358.jpg 702w\" sizes=\"auto, (max-width: 300px) 100vw, 300px\"><\/p>\n<p><strong>Une belle promotion de professeurs marocains dans une publication d\u00e9di\u00e9e \u00e0 l\u2019Afrique. En est \u00e0 l\u2019origine l\u2019Association \u00abLegs et Litt\u00e9rature\u00bb qui vient d\u2019annoncer la parution du dix-septi\u00e8me num\u00e9ro de la revue portant le m\u00eame nom de cette structure. Consacr\u00e9 au continent africain et intitul\u00e9 \u00abArts et Litt\u00e9rature d\u2019Afrique.<\/strong> <span id=\"more-386346\"><\/span><\/p>\n<p>R\u00e9cits, Discours, Images\u00bb, le num\u00e9ro est, selon l\u2019association, publi\u00e9 en \u00abdeux volumes sous la direction des professeurs Salma Fellahi et R\u00e9da Bejjtit de l\u2019Universit\u00e9 Choua\u00efb Doukkali \u00e0 El Jadida, au Maroc\u00bb. En d\u00e9tail, cette publication r\u00e9unit des contributeurs de l\u2019Afrique du Nord, de l\u2019Afrique de l\u2019Ouest et subsaharienne.<\/p>\n<p>\u00abD\u2019un point de vue interculturel, l\u2019imaginaire africain a \u00e9t\u00e9 confront\u00e9 au colonialisme, au post-colonialisme et \u00e0 la modernit\u00e9, mais il n\u2019en est pas moins vrai qu\u2019il a gard\u00e9 ses sp\u00e9cificit\u00e9s ancestrales, visibles dans tous les arts et les litt\u00e9ratures\u00bb, encha\u00eene la structure. Dans ce sens, la litt\u00e9rature orale et les arts interagissent in\u00e9vitablement avec la litt\u00e9rature \u00e9crite et l\u2019imaginaire populaire de chaque pays africain. Ainsi, chaque cr\u00e9ateur, lettr\u00e9 ou pas, met en \u00e9vidence des id\u00e9ologies et des concepts, des croyances dites sacr\u00e9es, qu\u2019il s\u2019agisse de po\u00e9sie, de chant, de danse, de peinture, de monographies, de cin\u00e9ma, de th\u00e9\u00e2tre ou d\u2019architecture. \u00abD\u00e8s lors, et \u00e9tant donn\u00e9 cette richesse plurielle, il est judicieux de parler de litt\u00e9ratures et d\u2019arts au pluriel car les singularit\u00e9s et les confluences culturelles sont in\u00e9vitables\u00bb, ajoute la m\u00eame source.<\/p>\n<p>Qu\u2019il s\u2019agisse de l\u00e9gendes, de mythes, de rituels religieux, d\u2019\u00e9sot\u00e9risme, de sorcellerie, d\u2019exp\u00e9riences et de d\u00e9boires dus \u00e0 la colonisation, les confluences sont souvent visibles et int\u00e9ressantes \u00e0 \u00e9tudier. Elles d\u00e9notent, en effet, un imaginaire collectif commun exprim\u00e9 non seulement par les \u00e9crits des \u00e9lites, en Afrique ou en diaspora, mais \u00e9galement \u00e0 travers la voix (chants, po\u00e8mes d\u00e9clam\u00e9s), les mains cr\u00e9atives (peinture et sculpture) et les corps expressifs (danse) du peuple africain, puisant ses sources dans une antiquit\u00e9 commune o\u00f9 \u00abl\u2019Homme africain\u00bb se distingue, selon l\u2019association, \u00abpar sa cr\u00e9ativit\u00e9 litt\u00e9raire et artistique et non par une couleur de peau\u00bb.<\/p>\n<p>Ce num\u00e9ro de Legs et Litt\u00e9rature se propose donc de r\u00e9fl\u00e9chir sur l\u2019Afrique, cette notion \u00e0 la fois complexe \u00e0 d\u00e9finir et \u00e0 d\u00e9limiter pour essayer d\u2019en cerner les contours. Il offre aussi, et surtout, des pistes de recherche pour (re)penser les arts et les litt\u00e9ratures d\u2019Afrique au regard des textes, des images, des croyances, des imaginaires et de toute autre forme de repr\u00e9sentations\u00bb, poursuit la m\u00eame source qui rappelle \u00e9galement que les dessins de couverture sont con\u00e7us par le professeur Salma Fellahi.<\/p>\n<\/div>\n<p>Auteur: ALM<br \/>\n<a href=\"https:\/\/aujourdhui.ma\/culture\/deux-professeurs-marocains-contribuent-dans-une-publication-dediee-a-lafrique\">Cliquez ici pour lire l&rsquo;article depuis sa source.<\/a><\/p>\n","protected":false},"excerpt":{"rendered":"<p>Une belle promotion de professeurs marocains dans une publication d\u00e9di\u00e9e \u00e0 l\u2019Afrique. En est \u00e0 l\u2019origine l\u2019Association \u00abLegs et Litt\u00e9rature\u00bb qui vient d\u2019annoncer la parution du dix-septi\u00e8me num\u00e9ro de la revue portant le m\u00eame nom de cette structure. Consacr\u00e9 au continent africain et intitul\u00e9 \u00abArts et Litt\u00e9rature d\u2019Afrique. R\u00e9cits, Discours, Images\u00bb, le num\u00e9ro est, selon [&hellip;]<\/p>\n","protected":false},"author":1759,"featured_media":0,"comment_status":"closed","ping_status":"closed","sticky":false,"template":"","format":"standard","meta":{"fifu_image_url":"https:\/\/aujourdhui.ma\/wp-content\/uploads\/2021\/09\/legs-et-litterature-300x153.jpg","fifu_image_alt":"Deux professeurs marocains contribuent dans une publication d\u00e9di\u00e9e \u00e0 l\u2019Afrique","footnotes":""},"categories":[73,54],"tags":[],"class_list":["post-126623","post","type-post","status-publish","format-standard","hentry","category-actualite","category-maroc"],"_links":{"self":[{"href":"https:\/\/linitiative.ca\/International\/wp-json\/wp\/v2\/posts\/126623","targetHints":{"allow":["GET"]}}],"collection":[{"href":"https:\/\/linitiative.ca\/International\/wp-json\/wp\/v2\/posts"}],"about":[{"href":"https:\/\/linitiative.ca\/International\/wp-json\/wp\/v2\/types\/post"}],"author":[{"embeddable":true,"href":"https:\/\/linitiative.ca\/International\/wp-json\/wp\/v2\/users\/1759"}],"replies":[{"embeddable":true,"href":"https:\/\/linitiative.ca\/International\/wp-json\/wp\/v2\/comments?post=126623"}],"version-history":[{"count":0,"href":"https:\/\/linitiative.ca\/International\/wp-json\/wp\/v2\/posts\/126623\/revisions"}],"wp:attachment":[{"href":"https:\/\/linitiative.ca\/International\/wp-json\/wp\/v2\/media?parent=126623"}],"wp:term":[{"taxonomy":"category","embeddable":true,"href":"https:\/\/linitiative.ca\/International\/wp-json\/wp\/v2\/categories?post=126623"},{"taxonomy":"post_tag","embeddable":true,"href":"https:\/\/linitiative.ca\/International\/wp-json\/wp\/v2\/tags?post=126623"}],"curies":[{"name":"wp","href":"https:\/\/api.w.org\/{rel}","templated":true}]}}