{"id":126625,"date":"2021-09-09T14:00:00","date_gmt":"2021-09-09T18:00:00","guid":{"rendered":"https:\/\/linitiative.ca\/International\/un-symbole-majeur-du-passe-esclavagiste-des-etats-unis-deboulonne\/"},"modified":"2021-09-09T14:00:00","modified_gmt":"2021-09-09T18:00:00","slug":"un-symbole-majeur-du-passe-esclavagiste-des-etats-unis-deboulonne","status":"publish","type":"post","link":"https:\/\/linitiative.ca\/International\/un-symbole-majeur-du-passe-esclavagiste-des-etats-unis-deboulonne\/","title":{"rendered":"Un symbole majeur du pass\u00e9 esclavagiste des Etats-Unis d\u00e9boulonn\u00e9"},"content":{"rendered":"<div>\n<p class=\"has-text-align-center has-vivid-cyan-blue-color has-text-color\"><strong>La gigantesque statue du g\u00e9n\u00e9ral Lee, l\u2019ancien commandant des Sudistes<\/strong><\/p>\n<p class=\"has-black-color has-text-color\"><strong>Apr\u00e8s plusieurs ann\u00e9es de tensions focalis\u00e9es sur le pass\u00e9 esclavagiste des Etats-Unis, le plus important monument d\u00e9nonc\u00e9 comme un symbole raciste dans le pays a \u00e9t\u00e9 d\u00e9boulonn\u00e9 mercredi en Virginie: la gigantesque statue du g\u00e9n\u00e9ral Lee, l\u2019ancien commandant des Sudistes.<\/strong><\/p>\n<p class=\"has-black-color has-text-color\">Ayant tr\u00f4n\u00e9 plus de 130 ans sur son pi\u00e9destal haut de 12 m\u00e8tres, la statue \u00e9questre a \u00e9t\u00e9 descendue en douceur par une grue \u00e0 Richmond, l\u2019ex-capitale des s\u00e9cessionnistes pendant la guerre civile de 1861 \u00e0 1865.<\/p>\n<p class=\"has-black-color has-text-color\">Des centaines de personnes s\u2019\u00e9taient mass\u00e9es \u00e0 distance pour assister \u00e0 l\u2019\u00e9v\u00e9nement. Certaines ont brandi le poing, l\u00e2ch\u00e9 des quolibets ou des vivats quand l\u2019imposante pi\u00e8ce de bronze, oeuvre de l\u2019artiste fran\u00e7ais Antonin Merci\u00e9, a \u00e9t\u00e9 arrach\u00e9e \u00e0 son socle.<\/p>\n<p class=\"has-black-color has-text-color\">Principal dirigeant militaire des conf\u00e9d\u00e9r\u00e9s, Robert Lee a lutt\u00e9 avec les Etats du Sud contre ceux du Nord qui avaient aboli l\u2019esclavage.<br \/>Ce retrait \u00ab\u00a0efface une tache sur l\u2019histoire de la Virginie et l\u2019histoire de l\u2019Am\u00e9rique\u00a0\u00bb, confiait Muhammad Abdul-Rahman, un responsable associatif local.<\/p>\n<p class=\"has-black-color has-text-color\">Tandis que de nombreux monuments conf\u00e9d\u00e9r\u00e9s aux quatre coins du pays ont \u00e9t\u00e9 r\u00e9cemment d\u00e9mont\u00e9s en catimini \u2013parfois en pleine nuit\u2013 sous la pression du mouvement Black Lives Matter, le gouverneur d\u00e9mocrate de Virginie, Ralph Northam, a lui souhait\u00e9 donner un retentissement national \u00e0 ce d\u00e9boulonnage.<\/p>\n<p class=\"has-black-color has-text-color\">Les monuments c\u00e9l\u00e9brant Robert Lee et les autres grandes figures des Etats sudistes sont aujourd\u2019hui vus comme des symboles racistes par une bonne partie des Am\u00e9ricains, d\u2019autres consid\u00e9rant au contraire qu\u2019ils font partie de leur patrimoine historique. La question reste sensible.<\/p>\n<p class=\"has-black-color has-text-color\">Illustration de la profonde fracture qui divise le pays sur ce sujet, l\u2019ancien pr\u00e9sident r\u00e9publicain Donald Trump a d\u00e9nonc\u00e9 mercredi dans un communiqu\u00e9 le d\u00e9boulonnage de cette \u00ab\u00a0magnifique\u00a0\u00bb statue c\u00e9l\u00e9brant \u00ab\u00a0l\u2019un des plus grands strat\u00e8ges\u00a0\u00bb.\u00a0\u00bbNotre culture est d\u00e9truite, et notre histoire et notre h\u00e9ritage, qu\u2019il soit bon ou mauvais, est an\u00e9anti par la gauche radicale\u00a0\u00bb, a-t-il fustig\u00e9.<\/p>\n<p class=\"has-black-color has-text-color\">Le gouverneur Northam avait annonc\u00e9 son intention d\u2019enlever la statue du g\u00e9n\u00e9ral conf\u00e9d\u00e9r\u00e9 en juin 2020, dix jours apr\u00e8s la mort \u00e0 Minneapolis de George Floyd, asphyxi\u00e9 sous le genou d\u2019un policier blanc.<\/p>\n<p class=\"has-black-color has-text-color\">L\u2019homicide de cet Afro-Am\u00e9ricain a suscit\u00e9 un mouvement plan\u00e9taire de d\u00e9nonciation des discriminations raciales et relanc\u00e9 avec vigueur le d\u00e9bat sur le pass\u00e9 esclavagiste du pays.<\/p>\n<p class=\"has-black-color has-text-color\">Une gu\u00e9rilla judiciaire lanc\u00e9e par des partisans du maintien sur place de la statue conf\u00e9d\u00e9r\u00e9e \u2013la plus grande du pays\u2013 a retard\u00e9 le d\u00e9montage, finalement valid\u00e9 la semaine derni\u00e8re par une d\u00e9cision de la cour supr\u00eame de la Virginie.<\/p>\n<p class=\"has-black-color has-text-color\">Chevauchant fi\u00e8rement son pur-sang, r\u00eanes en main, Robert Lee a une posture volontairement dominatrice. Sa statue, pesant 12 tonnes, culminait \u00e0 la hauteur d\u2019un immeuble de six \u00e9tages.<br \/>Une fois au sol, l\u2019oeuvre en bronze a \u00e9t\u00e9 d\u00e9coup\u00e9e \u00e0 la scie, au niveau de la ceinture du g\u00e9n\u00e9ral. Les morceaux ont ensuite \u00e9t\u00e9 emport\u00e9s par camion-plateau.<\/p>\n<p class=\"has-black-color has-text-color\">\u00ab\u00a0A qui est cette rue? A nous!\u00a0\u00bb, ont scand\u00e9 les t\u00e9moins rassembl\u00e9s sur \u00ab\u00a0Monument Avenue\u00a0\u00bb, ce boulevard de Richmond jalonn\u00e9 jusqu\u2019\u00e0 2020 d\u2019autres statues \u00e0 la gloire des perdants de la guerre de S\u00e9cession.<\/p>\n<p class=\"has-black-color has-text-color\">Ce quartier normalement paisible est de fait devenu un \u00e9picentre de tension et de contestation, comme en t\u00e9moigne le socle de la statue, macul\u00e9 de graffitis et de slogans appelant notamment les policiers \u00e0 \u00ab\u00a0rendre des comptes\u00a0\u00bb.<\/p>\n<p class=\"has-black-color has-text-color\">Etant donn\u00e9 la sensibilit\u00e9 du monument, les autorit\u00e9s avaient pris des mesures de s\u00e9curit\u00e9 draconiennes, interdisant temporairement la circulation autour du p\u00e9rim\u00e8tre, les survols par drone \u00e9tant \u00e9galement prohib\u00e9s mercredi.<br \/>Richmond \u00ab\u00a0n\u2019est plus la capitale de la Conf\u00e9d\u00e9ration\u00a0\u00bb, s\u2019est f\u00e9licit\u00e9 Levar Stoney, le maire afro-am\u00e9ricain de cette ville situ\u00e9e au sud de Washington.<\/p>\n<p class=\"has-black-color has-text-color\">Plus loin dans ce m\u00eame Etat de Virginie, une autre statue \u00e9questre controvers\u00e9e du g\u00e9n\u00e9ral Lee, \u00e0 Charlottesville, avait d\u00e9clench\u00e9 des violences \u00e0 l\u2019\u00e9t\u00e9 2017, un extr\u00e9miste blanc allant jusqu\u2019\u00e0 percuter en voiture une foule de manifestants antiracistes, tuant une jeune femme.<\/p>\n<p class=\"has-black-color has-text-color\">A l\u2019\u00e9poque, le pr\u00e9sident Donald Trump avait estim\u00e9 que d\u00e9boulonner les statues des officiers sudistes revenait \u00e0 \u00ab\u00a0mettre en pi\u00e8ces\u00a0\u00bb l\u2019histoire des Etats-Unis.<\/p>\n<p class=\"has-black-color has-text-color\">Ermias Woldemariam, un habitant de Virginie pr\u00e9sent \u00e0 l\u2019enl\u00e8vement de la statue, ne partageait pas cet avis: \u00ab\u00a0Si des gens veulent la voir, elle devrait \u00eatre mise au mus\u00e9e. En tout cas pas ici, \u00e0 la vue de la population jour apr\u00e8s jour\u00a0\u00bb.<br \/>Le monument \u00e9questre \u00e0 la gloire du g\u00e9n\u00e9ral Lee \u00ab\u00a0sera entrepos\u00e9 en lieu s\u00fbr sous la responsabilit\u00e9 de l\u2019Etat en attendant qu\u2019on d\u00e9cide d\u2019un lieu d\u00e9finitif ad\u00e9quat pour l\u2019exposer\u00a0\u00bb, a fait savoir le gouverneur dans un communiqu\u00e9.<\/p>\n<p>L\u2019article <a rel=\"nofollow\" href=\"http:\/\/albayane.press.ma\/un-symbole-majeur-du-passe-esclavagiste-des-etats-unis-deboulonne.html\">Un symbole majeur du pass\u00e9 esclavagiste des Etats-Unis d\u00e9boulonn\u00e9<\/a> est apparu en premier sur <a rel=\"nofollow\" href=\"http:\/\/albayane.press.ma\/\">ALBAYANE<\/a>.<\/p>\n<\/div>\n<p>Auteur: M&rsquo;hammed rahal<br \/>\n<a href=\"http:\/\/albayane.press.ma\/un-symbole-majeur-du-passe-esclavagiste-des-etats-unis-deboulonne.html\">Cliquez ici pour lire l&rsquo;article depuis sa source.<\/a><\/p>\n","protected":false},"excerpt":{"rendered":"<p>La gigantesque statue du g\u00e9n\u00e9ral Lee, l\u2019ancien commandant des Sudistes Apr\u00e8s plusieurs ann\u00e9es de tensions focalis\u00e9es sur le pass\u00e9 esclavagiste des Etats-Unis, le plus important monument d\u00e9nonc\u00e9 comme un symbole raciste dans le pays a \u00e9t\u00e9 d\u00e9boulonn\u00e9 mercredi en Virginie: la gigantesque statue du g\u00e9n\u00e9ral Lee, l\u2019ancien commandant des Sudistes. Ayant tr\u00f4n\u00e9 plus de 130 [&hellip;]<\/p>\n","protected":false},"author":1760,"featured_media":0,"comment_status":"closed","ping_status":"closed","sticky":false,"template":"","format":"standard","meta":{"fifu_image_url":"","fifu_image_alt":"","footnotes":""},"categories":[73,54],"tags":[],"class_list":["post-126625","post","type-post","status-publish","format-standard","hentry","category-actualite","category-maroc"],"_links":{"self":[{"href":"https:\/\/linitiative.ca\/International\/wp-json\/wp\/v2\/posts\/126625","targetHints":{"allow":["GET"]}}],"collection":[{"href":"https:\/\/linitiative.ca\/International\/wp-json\/wp\/v2\/posts"}],"about":[{"href":"https:\/\/linitiative.ca\/International\/wp-json\/wp\/v2\/types\/post"}],"author":[{"embeddable":true,"href":"https:\/\/linitiative.ca\/International\/wp-json\/wp\/v2\/users\/1760"}],"replies":[{"embeddable":true,"href":"https:\/\/linitiative.ca\/International\/wp-json\/wp\/v2\/comments?post=126625"}],"version-history":[{"count":0,"href":"https:\/\/linitiative.ca\/International\/wp-json\/wp\/v2\/posts\/126625\/revisions"}],"wp:attachment":[{"href":"https:\/\/linitiative.ca\/International\/wp-json\/wp\/v2\/media?parent=126625"}],"wp:term":[{"taxonomy":"category","embeddable":true,"href":"https:\/\/linitiative.ca\/International\/wp-json\/wp\/v2\/categories?post=126625"},{"taxonomy":"post_tag","embeddable":true,"href":"https:\/\/linitiative.ca\/International\/wp-json\/wp\/v2\/tags?post=126625"}],"curies":[{"name":"wp","href":"https:\/\/api.w.org\/{rel}","templated":true}]}}