{"id":126627,"date":"2021-09-09T14:00:00","date_gmt":"2021-09-09T18:00:00","guid":{"rendered":"https:\/\/linitiative.ca\/International\/escarmouche\/"},"modified":"2021-09-09T14:00:00","modified_gmt":"2021-09-09T18:00:00","slug":"escarmouche","status":"publish","type":"post","link":"https:\/\/linitiative.ca\/International\/escarmouche\/","title":{"rendered":"Escarmouche !"},"content":{"rendered":"<div>\n<p class=\"has-text-align-center has-vivid-cyan-blue-color has-text-color\"><strong>Sur le vif<\/strong><\/p>\n<p class=\"has-text-align-right\"><strong>Mohamed Nait Youssef<\/strong><\/p>\n<p class=\"has-black-color has-text-color\"><strong>\u00abSi le monde \u00e9tait clair, l\u2019art ne serait pas.\u00bb, disait Albert Camus. \u00c0 vrai dire, les t\u00e2ches des artistes ne se limitent pas uniquement \u00e0 des r\u00f4les li\u00e9s exclusivement au divertissement, \u00e0 la production d\u2019un tel ou tel produit artistique ou esth\u00e9tique destin\u00e9 au public ou aux \u00e9ventuels \u00ab\u00a0consommateurs\u00a0\u00bb. Certes, les artistes sont avant tout des citoyens et citoyennes, mais aussi des passeurs, des transmetteurs de valeurs, des agitateurs, des ambassadeurs de notre identit\u00e9 et culture ici et ailleurs. Depuis toujours, les artistes \u00e0 l\u2019instar des intellectuels, des plumes embl\u00e9matiques ont incontestablement apport\u00e9 leur pierre \u00e0 l\u2019\u00e9difice du changement, de l\u2019\u00e9volution et du progr\u00e8s de notre pays et de sa culture dans tous les domaines. C\u2019est un constat que personne ne peut ni l\u2019omettre ni le nier, parce que c\u2019est \u00e0 travers leurs \u0153uvres, tous styles et \u00e9coles confondus, que les artistes ont mis les mots sur les maux de la soci\u00e9t\u00e9. Sans oublier leurs combats au sein des diff\u00e9rentes organisations, associations ou encore des formations politiques.<\/strong><\/p>\n<p class=\"has-black-color has-text-color\">Derni\u00e8rement, la pol\u00e9mique pour ne pas dire le d\u00e9bat sur la participation des artistes dans le champ politique a d\u00e9fray\u00e9 la chronique. Ces escarmouches par-ci, par-l\u00e0 ont suscit\u00e9 une divergence d\u2019opinions et des controverses. Les artistes ayant une vision, un projet intellectuel, et qui peuvent avoir des affinit\u00e9s avec des partis, ont droit d\u2019int\u00e9grer la politique et contribuer aux d\u00e9bats qui concernent leurs m\u00e9tiers artistiques, mais aussi les grandes questions et les soucis de leur soci\u00e9t\u00e9. Le r\u00f4le d\u2019un artiste ne doit pas se r\u00e9sumer \u00e0 un simple visage meublant\u00a0 la sc\u00e8ne politique pendant une p\u00e9riode \u00e9lectorale et pour des fins purement politiciennes. Alors que la messe est dite, les artistes, les acteurs culturels et m\u00eame politiques sont invit\u00e9s \u00e0 acc\u00e9l\u00e9rer les grands chantiers concernant la culture en renfon\u00e7ant son infrastructure, son arsenal juridique, ses ressources humaines et sa d\u00e9mocratisation. La culture a besoin aujourd\u2019hui plus que jamais d\u2019un plan de relance efficace et efficient.<\/p>\n<p>L\u2019article <a rel=\"nofollow\" href=\"http:\/\/albayane.press.ma\/escarmouche.html\">Escarmouche !<\/a> est apparu en premier sur <a rel=\"nofollow\" href=\"http:\/\/albayane.press.ma\/\">ALBAYANE<\/a>.<\/p>\n<\/div>\n<p>Auteur: M&rsquo;hammed rahal<br \/>\n<a href=\"http:\/\/albayane.press.ma\/escarmouche.html\">Cliquez ici pour lire l&rsquo;article depuis sa source.<\/a><\/p>\n","protected":false},"excerpt":{"rendered":"<p>Sur le vif Mohamed Nait Youssef \u00abSi le monde \u00e9tait clair, l\u2019art ne serait pas.\u00bb, disait Albert Camus. \u00c0 vrai dire, les t\u00e2ches des artistes ne se limitent pas uniquement \u00e0 des r\u00f4les li\u00e9s exclusivement au divertissement, \u00e0 la production d\u2019un tel ou tel produit artistique ou esth\u00e9tique destin\u00e9 au public ou aux \u00e9ventuels \u00ab\u00a0consommateurs\u00a0\u00bb. [&hellip;]<\/p>\n","protected":false},"author":1760,"featured_media":0,"comment_status":"closed","ping_status":"closed","sticky":false,"template":"","format":"standard","meta":{"fifu_image_url":"","fifu_image_alt":"","footnotes":""},"categories":[73,54],"tags":[],"class_list":["post-126627","post","type-post","status-publish","format-standard","hentry","category-actualite","category-maroc"],"_links":{"self":[{"href":"https:\/\/linitiative.ca\/International\/wp-json\/wp\/v2\/posts\/126627","targetHints":{"allow":["GET"]}}],"collection":[{"href":"https:\/\/linitiative.ca\/International\/wp-json\/wp\/v2\/posts"}],"about":[{"href":"https:\/\/linitiative.ca\/International\/wp-json\/wp\/v2\/types\/post"}],"author":[{"embeddable":true,"href":"https:\/\/linitiative.ca\/International\/wp-json\/wp\/v2\/users\/1760"}],"replies":[{"embeddable":true,"href":"https:\/\/linitiative.ca\/International\/wp-json\/wp\/v2\/comments?post=126627"}],"version-history":[{"count":0,"href":"https:\/\/linitiative.ca\/International\/wp-json\/wp\/v2\/posts\/126627\/revisions"}],"wp:attachment":[{"href":"https:\/\/linitiative.ca\/International\/wp-json\/wp\/v2\/media?parent=126627"}],"wp:term":[{"taxonomy":"category","embeddable":true,"href":"https:\/\/linitiative.ca\/International\/wp-json\/wp\/v2\/categories?post=126627"},{"taxonomy":"post_tag","embeddable":true,"href":"https:\/\/linitiative.ca\/International\/wp-json\/wp\/v2\/tags?post=126627"}],"curies":[{"name":"wp","href":"https:\/\/api.w.org\/{rel}","templated":true}]}}