{"id":126632,"date":"2021-09-10T08:20:00","date_gmt":"2021-09-10T12:20:00","guid":{"rendered":"https:\/\/linitiative.ca\/International\/vers-la-participation-du-ffs-aux-elections-locales-anticipees\/"},"modified":"2021-09-10T08:20:00","modified_gmt":"2021-09-10T12:20:00","slug":"vers-la-participation-du-ffs-aux-elections-locales-anticipees","status":"publish","type":"post","link":"https:\/\/linitiative.ca\/International\/vers-la-participation-du-ffs-aux-elections-locales-anticipees\/","title":{"rendered":"Vers la participation du FFS aux \u00e9lections locales anticip\u00e9es"},"content":{"rendered":"<div>La participation du FFS aux \u00e9lections locales anticip\u00e9es se pr\u00e9cise. C\u2019est en tous cas ce qu\u2019a laiss\u00e9 entendre le membre de l&rsquo;instance pr\u00e9sidentielle du Front des Forces socialistes (FFS), Hakim Belahcel, lors de son intervention ce matin &#8230;<\/div>\n<p>Auteur:<br \/>\n<a href=\"https:\/\/www.liberte-algerie.com\/actualite\/vers-la-participation-du-ffs-aux-elections-locales-anticipees-364709\">Cliquez ici pour lire l&rsquo;article depuis sa source.<\/a><\/p>\n","protected":false},"excerpt":{"rendered":"<p>La participation du FFS aux \u00e9lections locales anticip\u00e9es se pr\u00e9cise. C\u2019est en tous cas ce qu\u2019a laiss\u00e9 entendre le membre de l&rsquo;instance pr\u00e9sidentielle du Front des Forces socialistes (FFS), Hakim Belahcel, lors de son intervention ce matin &#8230; Auteur: Cliquez ici pour lire l&rsquo;article depuis sa source.<\/p>\n","protected":false},"author":1742,"featured_media":0,"comment_status":"closed","ping_status":"closed","sticky":false,"template":"","format":"standard","meta":{"fifu_image_url":"","fifu_image_alt":"","footnotes":""},"categories":[73,53],"tags":[],"class_list":["post-126632","post","type-post","status-publish","format-standard","hentry","category-actualite","category-algerie"],"_links":{"self":[{"href":"https:\/\/linitiative.ca\/International\/wp-json\/wp\/v2\/posts\/126632","targetHints":{"allow":["GET"]}}],"collection":[{"href":"https:\/\/linitiative.ca\/International\/wp-json\/wp\/v2\/posts"}],"about":[{"href":"https:\/\/linitiative.ca\/International\/wp-json\/wp\/v2\/types\/post"}],"author":[{"embeddable":true,"href":"https:\/\/linitiative.ca\/International\/wp-json\/wp\/v2\/users\/1742"}],"replies":[{"embeddable":true,"href":"https:\/\/linitiative.ca\/International\/wp-json\/wp\/v2\/comments?post=126632"}],"version-history":[{"count":0,"href":"https:\/\/linitiative.ca\/International\/wp-json\/wp\/v2\/posts\/126632\/revisions"}],"wp:attachment":[{"href":"https:\/\/linitiative.ca\/International\/wp-json\/wp\/v2\/media?parent=126632"}],"wp:term":[{"taxonomy":"category","embeddable":true,"href":"https:\/\/linitiative.ca\/International\/wp-json\/wp\/v2\/categories?post=126632"},{"taxonomy":"post_tag","embeddable":true,"href":"https:\/\/linitiative.ca\/International\/wp-json\/wp\/v2\/tags?post=126632"}],"curies":[{"name":"wp","href":"https:\/\/api.w.org\/{rel}","templated":true}]}}