{"id":126635,"date":"2021-09-09T20:11:38","date_gmt":"2021-09-10T00:11:38","guid":{"rendered":"https:\/\/linitiative.ca\/International\/legislatives-2021-rni-pi-pam-et-uc-se-partagent-les-4-sieges\/"},"modified":"2021-09-09T20:11:38","modified_gmt":"2021-09-10T00:11:38","slug":"legislatives-2021-rni-pi-pam-et-uc-se-partagent-les-4-sieges","status":"publish","type":"post","link":"https:\/\/linitiative.ca\/International\/legislatives-2021-rni-pi-pam-et-uc-se-partagent-les-4-sieges\/","title":{"rendered":"L\u00e9gislatives 2021: RNI, PI, PAM et UC se partagent les 4 si\u00e8ges"},"content":{"rendered":"<div>\n<div style=\"margin-bottom:20px;\"><img loading=\"lazy\" decoding=\"async\" width=\"750\" height=\"430\" src=\"https:\/\/linitiative.ca\/International\/wp-content\/uploads\/sites\/23\/2021\/09\/lections-4-copier.jpg\" class=\"attachment-post-thumbnail size-post-thumbnail wp-post-image\" alt=\"\" srcset=\"https:\/\/linitiative.ca\/International\/wp-content\/uploads\/sites\/23\/2021\/09\/lections-4-copier.jpg 750w, http:\/\/www.mapmarrakech.ma\/map\/uploads\/2021\/09\/\u00e9lections-4-copier-300x172.jpg 300w\" sizes=\"auto, (max-width: 750px) 100vw, 750px\"><\/div>\n<p>Selon les r\u00e9sultats recueillis aupr\u00e8s des autorit\u00e9s locales apr\u00e8s le d\u00e9pouillement de 100% des bulletins de vote, le RNI s\u2019est adjug\u00e9 63.920 voix exprim\u00e9es, suivi du PI qui a obtenu 32.350 voix, du PAM (30.157 voix) et de l\u2019UC (26.435 voix).<\/p>\n<p>Le taux de participation aux \u00e9lections g\u00e9n\u00e9rales au niveau de la province s\u2019est \u00e9tabli \u00e0 68,62%, alors que sur les 191.913 \u00e9lecteurs inscrits sur les listes \u00e9lectorales, 131.690 \u00e9lecteurs ont particip\u00e9 aux \u00e9lections g\u00e9n\u00e9rales du 8 septembre \u00e0 l\u2019\u00e9chelle de cette province.<\/p>\n<p>L\u2019op\u00e9ration \u00e9lectorale au niveau de cette partie du territoire national s\u2019est d\u00e9roul\u00e9e dans des conditions normales marqu\u00e9es par la bonne organisation et ce, gr\u00e2ce \u00e0 la mobilisation des autorit\u00e9s provinciales, qui ont veill\u00e9 au respect des mesures pr\u00e9ventives visant \u00e0 enrayer la propagation du nouveau coronavirus (Covid-19).<\/p>\n<p>The post <a rel=\"nofollow\" href=\"http:\/\/www.mapmarrakech.ma\/fr\/legislatives-2021-rni-pi-pam-et-uc-se-partagent-les-4-sieges\/\">L\u00e9gislatives 2021: RNI, PI, PAM et UC se partagent les 4 si\u00e8ges<\/a> appeared first on <a rel=\"nofollow\" href=\"http:\/\/www.mapmarrakech.ma\/fr\">MapMarrakech<\/a>.<\/p>\n<\/div>\n<p>Auteur: Meriem IGASS<br \/>\n<a href=\"http:\/\/www.mapmarrakech.ma\/fr\/legislatives-2021-rni-pi-pam-et-uc-se-partagent-les-4-sieges\/\">Cliquez ici pour lire l&rsquo;article depuis sa source.<\/a><\/p>\n","protected":false},"excerpt":{"rendered":"<p>Selon les r\u00e9sultats recueillis aupr\u00e8s des autorit\u00e9s locales apr\u00e8s le d\u00e9pouillement de 100% des bulletins de vote, le RNI s\u2019est adjug\u00e9 63.920 voix exprim\u00e9es, suivi du PI qui a obtenu 32.350 voix, du PAM (30.157 voix) et de l\u2019UC (26.435 voix). Le taux de participation aux \u00e9lections g\u00e9n\u00e9rales au niveau de la province s\u2019est \u00e9tabli [&hellip;]<\/p>\n","protected":false},"author":1788,"featured_media":0,"comment_status":"closed","ping_status":"closed","sticky":false,"template":"","format":"standard","meta":{"fifu_image_url":"http:\/\/www.mapmarrakech.ma\/map\/uploads\/2021\/09\/\u00e9lections-4-copier.jpg","fifu_image_alt":"L\u00e9gislatives 2021: RNI, PI, PAM et UC se partagent les 4 si\u00e8ges","footnotes":""},"categories":[54,76],"tags":[],"class_list":["post-126635","post","type-post","status-publish","format-standard","hentry","category-maroc","category-regions"],"_links":{"self":[{"href":"https:\/\/linitiative.ca\/International\/wp-json\/wp\/v2\/posts\/126635","targetHints":{"allow":["GET"]}}],"collection":[{"href":"https:\/\/linitiative.ca\/International\/wp-json\/wp\/v2\/posts"}],"about":[{"href":"https:\/\/linitiative.ca\/International\/wp-json\/wp\/v2\/types\/post"}],"author":[{"embeddable":true,"href":"https:\/\/linitiative.ca\/International\/wp-json\/wp\/v2\/users\/1788"}],"replies":[{"embeddable":true,"href":"https:\/\/linitiative.ca\/International\/wp-json\/wp\/v2\/comments?post=126635"}],"version-history":[{"count":0,"href":"https:\/\/linitiative.ca\/International\/wp-json\/wp\/v2\/posts\/126635\/revisions"}],"wp:attachment":[{"href":"https:\/\/linitiative.ca\/International\/wp-json\/wp\/v2\/media?parent=126635"}],"wp:term":[{"taxonomy":"category","embeddable":true,"href":"https:\/\/linitiative.ca\/International\/wp-json\/wp\/v2\/categories?post=126635"},{"taxonomy":"post_tag","embeddable":true,"href":"https:\/\/linitiative.ca\/International\/wp-json\/wp\/v2\/tags?post=126635"}],"curies":[{"name":"wp","href":"https:\/\/api.w.org\/{rel}","templated":true}]}}