{"id":126637,"date":"2021-09-09T20:32:45","date_gmt":"2021-09-10T00:32:45","guid":{"rendered":"https:\/\/linitiative.ca\/International\/regionales-2021-le-rni-en-tete-avec-03-sieges\/"},"modified":"2021-09-09T20:32:45","modified_gmt":"2021-09-10T00:32:45","slug":"regionales-2021-le-rni-en-tete-avec-03-sieges","status":"publish","type":"post","link":"https:\/\/linitiative.ca\/International\/regionales-2021-le-rni-en-tete-avec-03-sieges\/","title":{"rendered":"R\u00e9gionales 2021: Le RNI en t\u00eate avec 03 si\u00e8ges"},"content":{"rendered":"<div>\n<div style=\"margin-bottom:20px;\"><img loading=\"lazy\" decoding=\"async\" width=\"750\" height=\"430\" src=\"https:\/\/linitiative.ca\/International\/wp-content\/uploads\/sites\/23\/2021\/09\/Elections-6-copier-2.jpg\" class=\"attachment-post-thumbnail size-post-thumbnail wp-post-image\" alt=\"\" srcset=\"https:\/\/linitiative.ca\/International\/wp-content\/uploads\/sites\/23\/2021\/09\/Elections-6-copier-2.jpg 750w, http:\/\/www.mapmarrakech.ma\/map\/uploads\/2021\/09\/Elections-6-copier-2-300x172.jpg 300w\" sizes=\"auto, (max-width: 750px) 100vw, 750px\"><\/div>\n<p>Le RNI a remport\u00e9 03 si\u00e8ges, dont un r\u00e9serv\u00e9 aux femmes, suivi du Parti Authenticit\u00e9 et Modernit\u00e9 (PAM) avec 02 si\u00e8ges, dont un r\u00e9serv\u00e9 aux femmes, du Parti de l\u2019Istiqlal (PI) avec 2 si\u00e8ges, dont un r\u00e9serv\u00e9 aux femmes, de l\u2019Union Constitutionnelle (UC) avec 2 si\u00e8ges, dont un r\u00e9serv\u00e9 aux femmes, et du Parti du Progr\u00e8s et du Socialisme (PPS) avec un si\u00e8ge.<\/p>\n<p>Quelque 08 listes \u00e9lectorales \u00e9taient en lice pour pourvoir 10 si\u00e8ges, sur un total de 75 si\u00e8ges que compte le Conseil de la r\u00e9gion Marrakech-Safi.<\/p>\n<p>Le taux de participation aux \u00e9lections g\u00e9n\u00e9rales au niveau de la province s\u2019est \u00e9tabli \u00e0 68,62%, alors que sur les 191.913 \u00e9lecteurs inscrits sur les listes \u00e9lectorales, 131.690 ont particip\u00e9 aux \u00e9lections du 8 septembre \u00e0 l\u2019\u00e9chelle de cette province.<\/p>\n<p>L\u2019op\u00e9ration \u00e9lectorale au niveau de cette partie du territoire national s\u2019est d\u00e9roul\u00e9e dans des conditions normales marqu\u00e9es par la bonne organisation et ce, gr\u00e2ce \u00e0 la mobilisation des autorit\u00e9s provinciales, qui ont veill\u00e9 au respect des mesures pr\u00e9ventives visant \u00e0 enrayer la propagation du nouveau coronavirus (Covid-19).<\/p>\n<p>The post <a rel=\"nofollow\" href=\"http:\/\/www.mapmarrakech.ma\/fr\/regionales-2021-le-rni-en-tete-avec-03-sieges\/\">R\u00e9gionales 2021: Le RNI en t\u00eate avec 03 si\u00e8ges<\/a> appeared first on <a rel=\"nofollow\" href=\"http:\/\/www.mapmarrakech.ma\/fr\">MapMarrakech<\/a>.<\/p>\n<\/div>\n<p>Auteur: Meriem IGASS<br \/>\n<a href=\"http:\/\/www.mapmarrakech.ma\/fr\/regionales-2021-le-rni-en-tete-avec-03-sieges\/\">Cliquez ici pour lire l&rsquo;article depuis sa source.<\/a><\/p>\n","protected":false},"excerpt":{"rendered":"<p>Le RNI a remport\u00e9 03 si\u00e8ges, dont un r\u00e9serv\u00e9 aux femmes, suivi du Parti Authenticit\u00e9 et Modernit\u00e9 (PAM) avec 02 si\u00e8ges, dont un r\u00e9serv\u00e9 aux femmes, du Parti de l\u2019Istiqlal (PI) avec 2 si\u00e8ges, dont un r\u00e9serv\u00e9 aux femmes, de l\u2019Union Constitutionnelle (UC) avec 2 si\u00e8ges, dont un r\u00e9serv\u00e9 aux femmes, et du Parti du [&hellip;]<\/p>\n","protected":false},"author":1788,"featured_media":0,"comment_status":"closed","ping_status":"closed","sticky":false,"template":"","format":"standard","meta":{"fifu_image_url":"http:\/\/www.mapmarrakech.ma\/map\/uploads\/2021\/09\/Elections-6-copier-2.jpg","fifu_image_alt":"R\u00e9gionales 2021: Le RNI en t\u00eate avec 03 si\u00e8ges","footnotes":""},"categories":[54,76],"tags":[],"class_list":["post-126637","post","type-post","status-publish","format-standard","hentry","category-maroc","category-regions"],"_links":{"self":[{"href":"https:\/\/linitiative.ca\/International\/wp-json\/wp\/v2\/posts\/126637","targetHints":{"allow":["GET"]}}],"collection":[{"href":"https:\/\/linitiative.ca\/International\/wp-json\/wp\/v2\/posts"}],"about":[{"href":"https:\/\/linitiative.ca\/International\/wp-json\/wp\/v2\/types\/post"}],"author":[{"embeddable":true,"href":"https:\/\/linitiative.ca\/International\/wp-json\/wp\/v2\/users\/1788"}],"replies":[{"embeddable":true,"href":"https:\/\/linitiative.ca\/International\/wp-json\/wp\/v2\/comments?post=126637"}],"version-history":[{"count":0,"href":"https:\/\/linitiative.ca\/International\/wp-json\/wp\/v2\/posts\/126637\/revisions"}],"wp:attachment":[{"href":"https:\/\/linitiative.ca\/International\/wp-json\/wp\/v2\/media?parent=126637"}],"wp:term":[{"taxonomy":"category","embeddable":true,"href":"https:\/\/linitiative.ca\/International\/wp-json\/wp\/v2\/categories?post=126637"},{"taxonomy":"post_tag","embeddable":true,"href":"https:\/\/linitiative.ca\/International\/wp-json\/wp\/v2\/tags?post=126637"}],"curies":[{"name":"wp","href":"https:\/\/api.w.org\/{rel}","templated":true}]}}