{"id":126641,"date":"2021-09-10T12:55:53","date_gmt":"2021-09-10T16:55:53","guid":{"rendered":"https:\/\/linitiative.ca\/International\/communales-2021-lusfp-en-tete-avec-245-sieges\/"},"modified":"2021-09-10T12:55:53","modified_gmt":"2021-09-10T16:55:53","slug":"communales-2021-lusfp-en-tete-avec-245-sieges","status":"publish","type":"post","link":"https:\/\/linitiative.ca\/International\/communales-2021-lusfp-en-tete-avec-245-sieges\/","title":{"rendered":"Communales 2021: L\u2019USFP en t\u00eate avec 245 si\u00e8ges"},"content":{"rendered":"<div>\n<div style=\"margin-bottom:20px;\"><img loading=\"lazy\" decoding=\"async\" width=\"750\" height=\"430\" src=\"https:\/\/linitiative.ca\/International\/wp-content\/uploads\/sites\/23\/2021\/09\/vote-RAK-1-copier-2.jpg\" class=\"attachment-post-thumbnail size-post-thumbnail wp-post-image\" alt=\"\" srcset=\"https:\/\/linitiative.ca\/International\/wp-content\/uploads\/sites\/23\/2021\/09\/vote-RAK-1-copier-2.jpg 750w, http:\/\/www.mapmarrakech.ma\/map\/uploads\/2021\/09\/vote-RAK-1-copier-300x172.jpg 300w\" sizes=\"auto, (max-width: 750px) 100vw, 750px\"><\/div>\n<p>Ainsi, l\u2019USFP est arriv\u00e9 en t\u00eate devant le Rassemblement National des Ind\u00e9pendants (RNI) avec 210 si\u00e8ges et le Parti du Progr\u00e8s et du Socialisme (PPS) avec 183 si\u00e8ges.<\/p>\n<p>Le Parti de l\u2019Istiqlal (PI) a occup\u00e9 la 4\u00e8me place avec 163 si\u00e8ges, suivi du Parti Authenticit\u00e9 et Modernit\u00e9 (PAM, 134) et du Parti des N\u00e9o-D\u00e9mocrates avec 16 si\u00e8ges.<\/p>\n<p>Les vingt si\u00e8ges restants ont \u00e9t\u00e9 partag\u00e9s par les autres formations politiques, font ressortir les r\u00e9sultats d\u00e9finitifs de la pr\u00e9fecture de la province.<\/p>\n<p>A noter que le taux de participation au triple scrutin (l\u00e9gislatif, r\u00e9gional, communal) du 8 septembre au niveau de la province d\u2019Essaouira s\u2019est \u00e9tabli \u00e0 65,06%.<\/p>\n<p>Un total de 246.867 \u00e9lecteurs inscrits sur les listes \u00e9lectorales au niveau de la province d\u2019Essaouira se sont rendus, mercredi, aux 821 bureaux de vote, mis en place sur l\u2019ensemble du territoire de la province, pour participer \u00e0 ces \u00e9ch\u00e9ances \u00e9lectorales.<\/p>\n<p>The post <a rel=\"nofollow\" href=\"http:\/\/www.mapmarrakech.ma\/fr\/communales-2021-lusfp-en-tete-avec-245-sieges\/\">Communales 2021: L\u2019USFP en t\u00eate avec 245 si\u00e8ges<\/a> appeared first on <a rel=\"nofollow\" href=\"http:\/\/www.mapmarrakech.ma\/fr\">MapMarrakech<\/a>.<\/p>\n<\/div>\n<p>Auteur: Meriem IGASS<br \/>\n<a href=\"http:\/\/www.mapmarrakech.ma\/fr\/communales-2021-lusfp-en-tete-avec-245-sieges\/\">Cliquez ici pour lire l&rsquo;article depuis sa source.<\/a><\/p>\n","protected":false},"excerpt":{"rendered":"<p>Ainsi, l\u2019USFP est arriv\u00e9 en t\u00eate devant le Rassemblement National des Ind\u00e9pendants (RNI) avec 210 si\u00e8ges et le Parti du Progr\u00e8s et du Socialisme (PPS) avec 183 si\u00e8ges. Le Parti de l\u2019Istiqlal (PI) a occup\u00e9 la 4\u00e8me place avec 163 si\u00e8ges, suivi du Parti Authenticit\u00e9 et Modernit\u00e9 (PAM, 134) et du Parti des N\u00e9o-D\u00e9mocrates avec [&hellip;]<\/p>\n","protected":false},"author":1788,"featured_media":0,"comment_status":"closed","ping_status":"closed","sticky":false,"template":"","format":"standard","meta":{"fifu_image_url":"http:\/\/www.mapmarrakech.ma\/map\/uploads\/2021\/09\/vote-RAK-1-copier.jpg","fifu_image_alt":"Communales 2021: L\u2019USFP en t\u00eate avec 245 si\u00e8ges","footnotes":""},"categories":[54,76],"tags":[],"class_list":["post-126641","post","type-post","status-publish","format-standard","hentry","category-maroc","category-regions"],"_links":{"self":[{"href":"https:\/\/linitiative.ca\/International\/wp-json\/wp\/v2\/posts\/126641","targetHints":{"allow":["GET"]}}],"collection":[{"href":"https:\/\/linitiative.ca\/International\/wp-json\/wp\/v2\/posts"}],"about":[{"href":"https:\/\/linitiative.ca\/International\/wp-json\/wp\/v2\/types\/post"}],"author":[{"embeddable":true,"href":"https:\/\/linitiative.ca\/International\/wp-json\/wp\/v2\/users\/1788"}],"replies":[{"embeddable":true,"href":"https:\/\/linitiative.ca\/International\/wp-json\/wp\/v2\/comments?post=126641"}],"version-history":[{"count":0,"href":"https:\/\/linitiative.ca\/International\/wp-json\/wp\/v2\/posts\/126641\/revisions"}],"wp:attachment":[{"href":"https:\/\/linitiative.ca\/International\/wp-json\/wp\/v2\/media?parent=126641"}],"wp:term":[{"taxonomy":"category","embeddable":true,"href":"https:\/\/linitiative.ca\/International\/wp-json\/wp\/v2\/categories?post=126641"},{"taxonomy":"post_tag","embeddable":true,"href":"https:\/\/linitiative.ca\/International\/wp-json\/wp\/v2\/tags?post=126641"}],"curies":[{"name":"wp","href":"https:\/\/api.w.org\/{rel}","templated":true}]}}