{"id":126650,"date":"2021-09-10T09:55:54","date_gmt":"2021-09-10T13:55:54","guid":{"rendered":"https:\/\/linitiative.ca\/International\/laayoune-le-consul-general-du-burundi-installe\/"},"modified":"2021-09-10T09:55:54","modified_gmt":"2021-09-10T13:55:54","slug":"laayoune-le-consul-general-du-burundi-installe","status":"publish","type":"post","link":"https:\/\/linitiative.ca\/International\/laayoune-le-consul-general-du-burundi-installe\/","title":{"rendered":"La\u00e2youne: Le consul g\u00e9n\u00e9ral du Burundi install\u00e9"},"content":{"rendered":"<div>\n<div class=\"field field-name-body field-type-text-with-summary field-label-hidden\">\n<div class=\"field-items\">\n<div class=\"field-item even\" property=\"content:encoded\">\n<p class=\"rtejustify\">L&rsquo;ambassadeur du Burundi, Nestor Bankumukunzi, a pr\u00e9sid\u00e9 aujourd&rsquo;hui la c\u00e9r\u00e9monie d&rsquo;installation du Consul g\u00e9n\u00e9ral de son pays \u00e0 La\u00e2youne, Benjamin Ndagijimana. Le consul\u00a0a soulign\u00e9 \u00e0 cette occasion que sa prise de fonctions est un jour \u00ab\u00a0m\u00e9morable\u00a0\u00bb dans l\u2019histoire des relations de longue date entre les deux pays.<\/p>\n<\/div>\n<\/div>\n<\/div>\n<\/div>\n<p>Auteur: hgueye<br \/>\n<a href=\"https:\/\/www.leconomiste.com\/flash-infos\/laayoune-le-consul-general-du-burundi-installe\">Cliquez ici pour lire l&rsquo;article depuis sa source.<\/a><\/p>\n","protected":false},"excerpt":{"rendered":"<p>L&rsquo;ambassadeur du Burundi, Nestor Bankumukunzi, a pr\u00e9sid\u00e9 aujourd&rsquo;hui la c\u00e9r\u00e9monie d&rsquo;installation du Consul g\u00e9n\u00e9ral de son pays \u00e0 La\u00e2youne, Benjamin Ndagijimana. Le consul\u00a0a soulign\u00e9 \u00e0 cette occasion que sa prise de fonctions est un jour \u00ab\u00a0m\u00e9morable\u00a0\u00bb dans l\u2019histoire des relations de longue date entre les deux pays. Auteur: hgueye Cliquez ici pour lire l&rsquo;article depuis [&hellip;]<\/p>\n","protected":false},"author":1763,"featured_media":0,"comment_status":"closed","ping_status":"closed","sticky":false,"template":"","format":"standard","meta":{"fifu_image_url":"","fifu_image_alt":"","footnotes":""},"categories":[78,54],"tags":[],"class_list":["post-126650","post","type-post","status-publish","format-standard","hentry","category-economie","category-maroc"],"_links":{"self":[{"href":"https:\/\/linitiative.ca\/International\/wp-json\/wp\/v2\/posts\/126650","targetHints":{"allow":["GET"]}}],"collection":[{"href":"https:\/\/linitiative.ca\/International\/wp-json\/wp\/v2\/posts"}],"about":[{"href":"https:\/\/linitiative.ca\/International\/wp-json\/wp\/v2\/types\/post"}],"author":[{"embeddable":true,"href":"https:\/\/linitiative.ca\/International\/wp-json\/wp\/v2\/users\/1763"}],"replies":[{"embeddable":true,"href":"https:\/\/linitiative.ca\/International\/wp-json\/wp\/v2\/comments?post=126650"}],"version-history":[{"count":0,"href":"https:\/\/linitiative.ca\/International\/wp-json\/wp\/v2\/posts\/126650\/revisions"}],"wp:attachment":[{"href":"https:\/\/linitiative.ca\/International\/wp-json\/wp\/v2\/media?parent=126650"}],"wp:term":[{"taxonomy":"category","embeddable":true,"href":"https:\/\/linitiative.ca\/International\/wp-json\/wp\/v2\/categories?post=126650"},{"taxonomy":"post_tag","embeddable":true,"href":"https:\/\/linitiative.ca\/International\/wp-json\/wp\/v2\/tags?post=126650"}],"curies":[{"name":"wp","href":"https:\/\/api.w.org\/{rel}","templated":true}]}}