{"id":126651,"date":"2021-09-10T10:33:20","date_gmt":"2021-09-10T14:33:20","guid":{"rendered":"https:\/\/linitiative.ca\/International\/elections-2021-30-jours-pour-deposer-les-recours\/"},"modified":"2021-09-10T10:33:20","modified_gmt":"2021-09-10T14:33:20","slug":"elections-2021-30-jours-pour-deposer-les-recours","status":"publish","type":"post","link":"https:\/\/linitiative.ca\/International\/elections-2021-30-jours-pour-deposer-les-recours\/","title":{"rendered":"Elections 2021: 30 jours pour d\u00e9poser les recours"},"content":{"rendered":"<div>\n<div class=\"field field-name-body field-type-text-with-summary field-label-hidden\">\n<div class=\"field-items\">\n<div class=\"field-item even\" property=\"content:encoded\">\n<p class=\"rtejustify\">Apr\u00e8s les \u00e9lections du 8 septembre, les partis peuvent commencer \u00e0 d\u00e9poser leurs recours \u00e0 la Cour constitutionnelle. Ladite juridiction a en effet inform\u00e9 les \u00e9lecteurs et les candidats concern\u00e9s, ainsi que les gouverneurs et walis des r\u00e9gions,\u00a0qu&rsquo;elle commencera \u00e0 recevoir recours durant les 30 jours suivant la date de la proclamation du r\u00e9sultat du scrutin pour \u00e9lire les membres de la Chambre des Repr\u00e9sentants.<\/p>\n<\/div>\n<\/div>\n<\/div>\n<\/div>\n<p>Auteur: hgueye<br \/>\n<a href=\"https:\/\/www.leconomiste.com\/flash-infos\/elections-2021-30-jours-pour-deposer-les-recours\">Cliquez ici pour lire l&rsquo;article depuis sa source.<\/a><\/p>\n","protected":false},"excerpt":{"rendered":"<p>Apr\u00e8s les \u00e9lections du 8 septembre, les partis peuvent commencer \u00e0 d\u00e9poser leurs recours \u00e0 la Cour constitutionnelle. Ladite juridiction a en effet inform\u00e9 les \u00e9lecteurs et les candidats concern\u00e9s, ainsi que les gouverneurs et walis des r\u00e9gions,\u00a0qu&rsquo;elle commencera \u00e0 recevoir recours durant les 30 jours suivant la date de la proclamation du r\u00e9sultat du [&hellip;]<\/p>\n","protected":false},"author":1763,"featured_media":0,"comment_status":"closed","ping_status":"closed","sticky":false,"template":"","format":"standard","meta":{"fifu_image_url":"","fifu_image_alt":"","footnotes":""},"categories":[78,54],"tags":[],"class_list":["post-126651","post","type-post","status-publish","format-standard","hentry","category-economie","category-maroc"],"_links":{"self":[{"href":"https:\/\/linitiative.ca\/International\/wp-json\/wp\/v2\/posts\/126651","targetHints":{"allow":["GET"]}}],"collection":[{"href":"https:\/\/linitiative.ca\/International\/wp-json\/wp\/v2\/posts"}],"about":[{"href":"https:\/\/linitiative.ca\/International\/wp-json\/wp\/v2\/types\/post"}],"author":[{"embeddable":true,"href":"https:\/\/linitiative.ca\/International\/wp-json\/wp\/v2\/users\/1763"}],"replies":[{"embeddable":true,"href":"https:\/\/linitiative.ca\/International\/wp-json\/wp\/v2\/comments?post=126651"}],"version-history":[{"count":0,"href":"https:\/\/linitiative.ca\/International\/wp-json\/wp\/v2\/posts\/126651\/revisions"}],"wp:attachment":[{"href":"https:\/\/linitiative.ca\/International\/wp-json\/wp\/v2\/media?parent=126651"}],"wp:term":[{"taxonomy":"category","embeddable":true,"href":"https:\/\/linitiative.ca\/International\/wp-json\/wp\/v2\/categories?post=126651"},{"taxonomy":"post_tag","embeddable":true,"href":"https:\/\/linitiative.ca\/International\/wp-json\/wp\/v2\/tags?post=126651"}],"curies":[{"name":"wp","href":"https:\/\/api.w.org\/{rel}","templated":true}]}}