{"id":126654,"date":"2021-09-10T05:38:00","date_gmt":"2021-09-10T09:38:00","guid":{"rendered":"https:\/\/linitiative.ca\/International\/west-ham-benrahma-de-retour-a-lentrainement-video\/"},"modified":"2021-09-10T05:38:00","modified_gmt":"2021-09-10T09:38:00","slug":"west-ham-benrahma-de-retour-a-lentrainement-video","status":"publish","type":"post","link":"https:\/\/linitiative.ca\/International\/west-ham-benrahma-de-retour-a-lentrainement-video\/","title":{"rendered":"West Ham : Benrahma de retour \u00e0 l&rsquo;entrainement (Vid\u00e9o)"},"content":{"rendered":"<div>Apr\u00e8s le match face au Burkina Faso avec la s\u00e9lection nationale, Said Benrahma est d\u00e9j\u00e0 de retour \u00e0 l&rsquo;entrainement avec West Ham<img loading=\"lazy\" decoding=\"async\" src=\"http:\/\/feeds.feedburner.com\/~r\/GalerieFArtciles\/~4\/mmJwZJaUB6k\" height=\"1\" width=\"1\" alt=\"\"><\/div>\n<p>Auteur:<br \/>\n<a href=\"http:\/\/www.lebuteur.com\/article\/detail?titre=west-ham-benrahma-de-retour-a-lentrainement-video&#038;id=101056&#038;utm_source=feedburner&#038;utm_medium=feed&#038;utm_campaign=Feed%3A+GalerieFArtciles+%28Les+derniers+articles++-+lebuteur.com%29\">Cliquez ici pour lire l&rsquo;article depuis sa source.<\/a><\/p>\n","protected":false},"excerpt":{"rendered":"<p>Apr\u00e8s le match face au Burkina Faso avec la s\u00e9lection nationale, Said Benrahma est d\u00e9j\u00e0 de retour \u00e0 l&rsquo;entrainement avec West Ham Auteur: Cliquez ici pour lire l&rsquo;article depuis sa source.<\/p>\n","protected":false},"author":1738,"featured_media":0,"comment_status":"closed","ping_status":"closed","sticky":false,"template":"","format":"standard","meta":{"fifu_image_url":"http:\/\/feeds.feedburner.com\/~r\/GalerieFArtciles\/~4\/mmJwZJaUB6k","fifu_image_alt":"<div>West Ham : Benrahma de retour \u00e0 l'entrainement (Vid\u00e9o)<\/div>","footnotes":""},"categories":[53,75],"tags":[],"class_list":["post-126654","post","type-post","status-publish","format-standard","hentry","category-algerie","category-sport"],"_links":{"self":[{"href":"https:\/\/linitiative.ca\/International\/wp-json\/wp\/v2\/posts\/126654","targetHints":{"allow":["GET"]}}],"collection":[{"href":"https:\/\/linitiative.ca\/International\/wp-json\/wp\/v2\/posts"}],"about":[{"href":"https:\/\/linitiative.ca\/International\/wp-json\/wp\/v2\/types\/post"}],"author":[{"embeddable":true,"href":"https:\/\/linitiative.ca\/International\/wp-json\/wp\/v2\/users\/1738"}],"replies":[{"embeddable":true,"href":"https:\/\/linitiative.ca\/International\/wp-json\/wp\/v2\/comments?post=126654"}],"version-history":[{"count":0,"href":"https:\/\/linitiative.ca\/International\/wp-json\/wp\/v2\/posts\/126654\/revisions"}],"wp:attachment":[{"href":"https:\/\/linitiative.ca\/International\/wp-json\/wp\/v2\/media?parent=126654"}],"wp:term":[{"taxonomy":"category","embeddable":true,"href":"https:\/\/linitiative.ca\/International\/wp-json\/wp\/v2\/categories?post=126654"},{"taxonomy":"post_tag","embeddable":true,"href":"https:\/\/linitiative.ca\/International\/wp-json\/wp\/v2\/tags?post=126654"}],"curies":[{"name":"wp","href":"https:\/\/api.w.org\/{rel}","templated":true}]}}