{"id":126656,"date":"2021-09-10T07:51:00","date_gmt":"2021-09-10T11:51:00","guid":{"rendered":"https:\/\/linitiative.ca\/International\/andy-delort-repond-aux-critiques-sur-son-depart-du-mhsc\/"},"modified":"2021-09-10T07:51:00","modified_gmt":"2021-09-10T11:51:00","slug":"andy-delort-repond-aux-critiques-sur-son-depart-du-mhsc","status":"publish","type":"post","link":"https:\/\/linitiative.ca\/International\/andy-delort-repond-aux-critiques-sur-son-depart-du-mhsc\/","title":{"rendered":"Andy Delort r\u00e9pond aux critiques sur son d\u00e9part du MHSC"},"content":{"rendered":"<div>Mais je remercie Laurent Nicollin, qui est un pr\u00e9sident exceptionnel, que j&rsquo;estime beaucoup&#8230;<img loading=\"lazy\" decoding=\"async\" src=\"http:\/\/feeds.feedburner.com\/~r\/GalerieFArtciles\/~4\/mL9sm1PCV0Y\" height=\"1\" width=\"1\" alt=\"\"><\/div>\n<p>Auteur:<br \/>\n<a href=\"http:\/\/www.lebuteur.com\/article\/detail?titre=andy-delort-repond-aux-critiques-sur-son-depart-du-mhsc&#038;id=101058&#038;utm_source=feedburner&#038;utm_medium=feed&#038;utm_campaign=Feed%3A+GalerieFArtciles+%28Les+derniers+articles++-+lebuteur.com%29\">Cliquez ici pour lire l&rsquo;article depuis sa source.<\/a><\/p>\n","protected":false},"excerpt":{"rendered":"<p>Mais je remercie Laurent Nicollin, qui est un pr\u00e9sident exceptionnel, que j&rsquo;estime beaucoup&#8230; Auteur: Cliquez ici pour lire l&rsquo;article depuis sa source.<\/p>\n","protected":false},"author":1738,"featured_media":0,"comment_status":"closed","ping_status":"closed","sticky":false,"template":"","format":"standard","meta":{"fifu_image_url":"http:\/\/feeds.feedburner.com\/~r\/GalerieFArtciles\/~4\/mL9sm1PCV0Y","fifu_image_alt":"Andy Delort r\u00e9pond aux critiques sur son d\u00e9part du MHSC","footnotes":""},"categories":[53,75],"tags":[],"class_list":["post-126656","post","type-post","status-publish","format-standard","hentry","category-algerie","category-sport"],"_links":{"self":[{"href":"https:\/\/linitiative.ca\/International\/wp-json\/wp\/v2\/posts\/126656","targetHints":{"allow":["GET"]}}],"collection":[{"href":"https:\/\/linitiative.ca\/International\/wp-json\/wp\/v2\/posts"}],"about":[{"href":"https:\/\/linitiative.ca\/International\/wp-json\/wp\/v2\/types\/post"}],"author":[{"embeddable":true,"href":"https:\/\/linitiative.ca\/International\/wp-json\/wp\/v2\/users\/1738"}],"replies":[{"embeddable":true,"href":"https:\/\/linitiative.ca\/International\/wp-json\/wp\/v2\/comments?post=126656"}],"version-history":[{"count":0,"href":"https:\/\/linitiative.ca\/International\/wp-json\/wp\/v2\/posts\/126656\/revisions"}],"wp:attachment":[{"href":"https:\/\/linitiative.ca\/International\/wp-json\/wp\/v2\/media?parent=126656"}],"wp:term":[{"taxonomy":"category","embeddable":true,"href":"https:\/\/linitiative.ca\/International\/wp-json\/wp\/v2\/categories?post=126656"},{"taxonomy":"post_tag","embeddable":true,"href":"https:\/\/linitiative.ca\/International\/wp-json\/wp\/v2\/tags?post=126656"}],"curies":[{"name":"wp","href":"https:\/\/api.w.org\/{rel}","templated":true}]}}