{"id":126659,"date":"2021-09-10T08:42:48","date_gmt":"2021-09-10T12:42:48","guid":{"rendered":"https:\/\/linitiative.ca\/International\/affaire-de-la-raffinerie-daugusta-comparution-de-lancien-pdg-de-sonatrach\/"},"modified":"2021-09-10T08:42:48","modified_gmt":"2021-09-10T12:42:48","slug":"affaire-de-la-raffinerie-daugusta-comparution-de-lancien-pdg-de-sonatrach","status":"publish","type":"post","link":"https:\/\/linitiative.ca\/International\/affaire-de-la-raffinerie-daugusta-comparution-de-lancien-pdg-de-sonatrach\/","title":{"rendered":"Affaire de la raffinerie d\u2019Augusta : comparution de l\u2019ancien PDG de Sonatrach"},"content":{"rendered":"<div>\n<div class=\"sriret\"><img decoding=\"async\" src=\"https:\/\/linitiative.ca\/International\/wp-content\/uploads\/sites\/23\/2021\/09\/default-picture-709x366_c-23.jpg\"><\/div>\n<p>L\u2019ancien Pr\u00e9sident-Directeur g\u00e9n\u00e9ral (P-DG) de Sonatrach, Abdelmoumen Ould keddour a comparu jeudi 9 septembre devant le juge d\u2019instruction \u00e0 la 4\u00e8me Chambre du p\u00f4le p\u00e9nal \u00e9conomique et financier pr\u00e8s le Tribunal de Sidi M\u2019hamed, au sujet de l\u2019affaire de la raffinerie d\u2019Augusta, a-t-on appris de source judiciaire.<\/p>\n<p>Le m\u00eame juge a auditionn\u00e9 trois anciens cadres \u00e0 la Sonatrach sur la m\u00eame affaire. L\u2019ancien P-DG de la Sonatrach a \u00e9t\u00e9 extrad\u00e9, le 4 ao\u00fbt dernier, par les Emirats Arabes Unis (EAU) vers l\u2019Alg\u00e9rie, en vertu d\u2019un mandat d\u2019arr\u00eat international \u00e9mis \u00e0 son encontre pour son implication dans des affaires de corruption. L\u2019ex-Premier ministre, Abdelaziz Djerad, avait annonc\u00e9, f\u00e9vrier dernier, que le p\u00f4le judiciaire \u00e9conomique et financier avait ouvert une enqu\u00eate judiciaire concernant l\u2019acquisition de la raffinerie d\u2019Augusta en Italie. Ould Kaddour a \u00e9t\u00e9 arr\u00eat\u00e9 le 20 mars dernier \u00e0 l\u2019a\u00e9roport de Duba\u00ef, son\u00a0\u00a0 nom figurant sur la liste rouge de l\u2019Interpol. Il a \u00e9t\u00e9 remis en libert\u00e9 sous caution avec interdiction de quitter les EAU. L\u2019ancien PDG de Sonatrach avait quitt\u00e9 le sol fran\u00e7ais o\u00f9 il r\u00e9sidait avec sa famille en direction de Amman via Duba\u00ef pour prendre part \u00e0 une conf\u00e9rence.<\/p>\n<p>L\u2019article <a rel=\"nofollow\" href=\"https:\/\/www.elwatan.com\/edition\/actualite\/affaire-de-la-raffinerie-daugusta-comparution-de-lancien-pdg-de-sonatrach-10-09-2021\">Affaire de la raffinerie d\u2019Augusta : comparution de l\u2019ancien PDG de Sonatrach<\/a> est apparu en premier sur <a rel=\"nofollow\" href=\"https:\/\/www.elwatan.com\/\">El Watan<\/a>.<\/p>\n<\/div>\n<p>Auteur: Abdelghani Aichoun<br \/>\n<a href=\"https:\/\/www.elwatan.com\/edition\/actualite\/affaire-de-la-raffinerie-daugusta-comparution-de-lancien-pdg-de-sonatrach-10-09-2021\">Cliquez ici pour lire l&rsquo;article depuis sa source.<\/a><\/p>\n","protected":false},"excerpt":{"rendered":"<p>L\u2019ancien Pr\u00e9sident-Directeur g\u00e9n\u00e9ral (P-DG) de Sonatrach, Abdelmoumen Ould keddour a comparu jeudi 9 septembre devant le juge d\u2019instruction \u00e0 la 4\u00e8me Chambre du p\u00f4le p\u00e9nal \u00e9conomique et financier pr\u00e8s le Tribunal de Sidi M\u2019hamed, au sujet de l\u2019affaire de la raffinerie d\u2019Augusta, a-t-on appris de source judiciaire. Le m\u00eame juge a auditionn\u00e9 trois anciens cadres [&hellip;]<\/p>\n","protected":false},"author":1743,"featured_media":0,"comment_status":"closed","ping_status":"closed","sticky":false,"template":"","format":"standard","meta":{"fifu_image_url":"https:\/\/www.elwatan.com\/wp-content\/themes\/spectr\/img\/default-picture-709x366_c.jpg","fifu_image_alt":"Affaire de la raffinerie d\u2019Augusta : comparution de l\u2019ancien PDG de Sonatrach","footnotes":""},"categories":[73,53],"tags":[],"class_list":["post-126659","post","type-post","status-publish","format-standard","hentry","category-actualite","category-algerie"],"_links":{"self":[{"href":"https:\/\/linitiative.ca\/International\/wp-json\/wp\/v2\/posts\/126659","targetHints":{"allow":["GET"]}}],"collection":[{"href":"https:\/\/linitiative.ca\/International\/wp-json\/wp\/v2\/posts"}],"about":[{"href":"https:\/\/linitiative.ca\/International\/wp-json\/wp\/v2\/types\/post"}],"author":[{"embeddable":true,"href":"https:\/\/linitiative.ca\/International\/wp-json\/wp\/v2\/users\/1743"}],"replies":[{"embeddable":true,"href":"https:\/\/linitiative.ca\/International\/wp-json\/wp\/v2\/comments?post=126659"}],"version-history":[{"count":0,"href":"https:\/\/linitiative.ca\/International\/wp-json\/wp\/v2\/posts\/126659\/revisions"}],"wp:attachment":[{"href":"https:\/\/linitiative.ca\/International\/wp-json\/wp\/v2\/media?parent=126659"}],"wp:term":[{"taxonomy":"category","embeddable":true,"href":"https:\/\/linitiative.ca\/International\/wp-json\/wp\/v2\/categories?post=126659"},{"taxonomy":"post_tag","embeddable":true,"href":"https:\/\/linitiative.ca\/International\/wp-json\/wp\/v2\/tags?post=126659"}],"curies":[{"name":"wp","href":"https:\/\/api.w.org\/{rel}","templated":true}]}}