{"id":126665,"date":"2021-09-10T06:34:00","date_gmt":"2021-09-10T10:34:00","guid":{"rendered":"https:\/\/linitiative.ca\/International\/tunisie-vaccins-la-bataille-scolaire-album-photos\/"},"modified":"2021-09-10T06:34:00","modified_gmt":"2021-09-10T10:34:00","slug":"tunisie-vaccins-la-bataille-scolaire-album-photos","status":"publish","type":"post","link":"https:\/\/linitiative.ca\/International\/tunisie-vaccins-la-bataille-scolaire-album-photos\/","title":{"rendered":"Tunisie: Vaccins, la bataille scolaire (Album photos)"},"content":{"rendered":"<div><img decoding=\"async\" src=\"https:\/\/linitiative.ca\/International\/wp-content\/uploads\/sites\/23\/2021\/09\/1631269084_article.jpg\" alt=\"Tunisie: Vaccins, la bataille scolaire (Album photos)\" align=\"left\">Bon d\u00e9but pour la vaccination des lyc\u00e9ens. Pr\u00e8s de 100 000 jeunes \u00e2g\u00e9s de 15 \u00e0 17 ans ont d\u00e9j\u00e0 b\u00e9n\u00e9fici\u00e9 d\u2019une premi\u00e8re dose, lors de la premi\u00e8re journ\u00e9e ouverte en leur faveur le 29 ao\u00fbt dernier. Il s\u2019agit du cinqui\u00e8me des effectifs concern\u00e9s dans cette tranche d\u2019\u00e2ge estim\u00e9s \u00e0 500 000 \u00e9l\u00e8ves. Et c\u2019est un bon d\u00e9but. Des campagnes de vaccination se poursuivront dans les \u00e9tablissements scolaires d\u00e8s la rentr\u00e9e en vue de couvrir les \u00e9l\u00e8ves \u00e2g\u00e9s entre 12 et 15 ans.<\/p>\n<p>\u00a0<\/p>\n<\/div>\n<p>Auteur:<br \/>\n<a href=\"https:\/\/www.leaders.com.tn\/article\/32387-tunisie-vaccins-la-bataille-scolaire-album-photos\">Cliquez ici pour lire l&rsquo;article depuis sa source.<\/a><\/p>\n","protected":false},"excerpt":{"rendered":"<p>Bon d\u00e9but pour la vaccination des lyc\u00e9ens. Pr\u00e8s de 100 000 jeunes \u00e2g\u00e9s de 15 \u00e0 17 ans ont d\u00e9j\u00e0 b\u00e9n\u00e9fici\u00e9 d\u2019une premi\u00e8re dose, lors de la premi\u00e8re journ\u00e9e ouverte en leur faveur le 29 ao\u00fbt dernier. Il s\u2019agit du cinqui\u00e8me des effectifs concern\u00e9s dans cette tranche d\u2019\u00e2ge estim\u00e9s \u00e0 500 000 \u00e9l\u00e8ves. Et c\u2019est [&hellip;]<\/p>\n","protected":false},"author":1772,"featured_media":0,"comment_status":"closed","ping_status":"closed","sticky":false,"template":"","format":"standard","meta":{"fifu_image_url":"http:\/\/www.leaders.com.tn\/uploads\/content\/thumbnails_small\/1631269084_article.jpg","fifu_image_alt":"Tunisie: Vaccins, la bataille scolaire (Album photos)","footnotes":""},"categories":[73,55],"tags":[],"class_list":["post-126665","post","type-post","status-publish","format-standard","hentry","category-actualite","category-tunisie"],"_links":{"self":[{"href":"https:\/\/linitiative.ca\/International\/wp-json\/wp\/v2\/posts\/126665","targetHints":{"allow":["GET"]}}],"collection":[{"href":"https:\/\/linitiative.ca\/International\/wp-json\/wp\/v2\/posts"}],"about":[{"href":"https:\/\/linitiative.ca\/International\/wp-json\/wp\/v2\/types\/post"}],"author":[{"embeddable":true,"href":"https:\/\/linitiative.ca\/International\/wp-json\/wp\/v2\/users\/1772"}],"replies":[{"embeddable":true,"href":"https:\/\/linitiative.ca\/International\/wp-json\/wp\/v2\/comments?post=126665"}],"version-history":[{"count":0,"href":"https:\/\/linitiative.ca\/International\/wp-json\/wp\/v2\/posts\/126665\/revisions"}],"wp:attachment":[{"href":"https:\/\/linitiative.ca\/International\/wp-json\/wp\/v2\/media?parent=126665"}],"wp:term":[{"taxonomy":"category","embeddable":true,"href":"https:\/\/linitiative.ca\/International\/wp-json\/wp\/v2\/categories?post=126665"},{"taxonomy":"post_tag","embeddable":true,"href":"https:\/\/linitiative.ca\/International\/wp-json\/wp\/v2\/tags?post=126665"}],"curies":[{"name":"wp","href":"https:\/\/api.w.org\/{rel}","templated":true}]}}