{"id":126669,"date":"2021-09-10T14:58:00","date_gmt":"2021-09-10T18:58:00","guid":{"rendered":"https:\/\/linitiative.ca\/International\/gilles-kepel-vingt-ans-apres-du-11-septembre-a-la-chute-de-kaboul\/"},"modified":"2021-09-10T14:58:00","modified_gmt":"2021-09-10T18:58:00","slug":"gilles-kepel-vingt-ans-apres-du-11-septembre-a-la-chute-de-kaboul","status":"publish","type":"post","link":"https:\/\/linitiative.ca\/International\/gilles-kepel-vingt-ans-apres-du-11-septembre-a-la-chute-de-kaboul\/","title":{"rendered":"Gilles Kepel &#8211; Vingt ans apr\u00e8s :  du 11 septembre \u00e0 la chute de Kaboul"},"content":{"rendered":"<div><img decoding=\"async\" src=\"https:\/\/linitiative.ca\/International\/wp-content\/uploads\/sites\/23\/2021\/09\/1631297987_article.jpg\" alt=\"Gilles Kepel - Vingt ans apr\u00e8s :  du 11 septembre \u00e0 la chute de Kaboul\" align=\"left\">Les attentats du 11 septembre 2001 ont constitu\u00e9 un moment charni\u00e8re dans l\u2019histoire contemporaine\u00a0: l\u2019irruption de la terreur islamiste \u00e0 l\u2019\u00e9chelle plan\u00e9taire en a fait une ligne de faille majeure des convulsions de notre plan\u00e8te. La substitution d\u2019un millenium jihadiste au troisi\u00e8me mill\u00e9naire chr\u00e9tien s\u2019inscrit au c\u0153ur d\u2019un Grand R\u00e9cit qui assigne une nouvelle origine au temps du monde. Et \u00e0 l\u2019\u00e9chelle des fractures du si\u00e8cle \u00e9coul\u00e9, le 11\/09 (2001) a effac\u00e9 le 09\/11 (1989)\u00a0: l\u2019effondrement des tours jumelles de Manhattan a remplac\u00e9 celui du mur de Berlin \u2013 d\u2019autant plus que la mort du communisme fut pr\u00e9cipit\u00e9e par le coup fatal port\u00e9 \u00e0 &#8230;<\/p>\n<\/div>\n<p>Auteur:<br \/>\n<a href=\"https:\/\/www.leaders.com.tn\/article\/32392-gilles-kepel-vingt-ans-apres-du-11-septembre-a-la-chute-de-kaboul\">Cliquez ici pour lire l&rsquo;article depuis sa source.<\/a><\/p>\n","protected":false},"excerpt":{"rendered":"<p>Les attentats du 11 septembre 2001 ont constitu\u00e9 un moment charni\u00e8re dans l\u2019histoire contemporaine\u00a0: l\u2019irruption de la terreur islamiste \u00e0 l\u2019\u00e9chelle plan\u00e9taire en a fait une ligne de faille majeure des convulsions de notre plan\u00e8te. La substitution d\u2019un millenium jihadiste au troisi\u00e8me mill\u00e9naire chr\u00e9tien s\u2019inscrit au c\u0153ur d\u2019un Grand R\u00e9cit qui assigne une nouvelle origine [&hellip;]<\/p>\n","protected":false},"author":1772,"featured_media":0,"comment_status":"closed","ping_status":"closed","sticky":false,"template":"","format":"standard","meta":{"fifu_image_url":"http:\/\/www.leaders.com.tn\/uploads\/content\/thumbnails_small\/1631297987_article.jpg","fifu_image_alt":"Gilles Kepel - Vingt ans apr\u00e8s :  du 11 septembre \u00e0 la chute de Kaboul","footnotes":""},"categories":[73,55],"tags":[],"class_list":["post-126669","post","type-post","status-publish","format-standard","hentry","category-actualite","category-tunisie"],"_links":{"self":[{"href":"https:\/\/linitiative.ca\/International\/wp-json\/wp\/v2\/posts\/126669","targetHints":{"allow":["GET"]}}],"collection":[{"href":"https:\/\/linitiative.ca\/International\/wp-json\/wp\/v2\/posts"}],"about":[{"href":"https:\/\/linitiative.ca\/International\/wp-json\/wp\/v2\/types\/post"}],"author":[{"embeddable":true,"href":"https:\/\/linitiative.ca\/International\/wp-json\/wp\/v2\/users\/1772"}],"replies":[{"embeddable":true,"href":"https:\/\/linitiative.ca\/International\/wp-json\/wp\/v2\/comments?post=126669"}],"version-history":[{"count":0,"href":"https:\/\/linitiative.ca\/International\/wp-json\/wp\/v2\/posts\/126669\/revisions"}],"wp:attachment":[{"href":"https:\/\/linitiative.ca\/International\/wp-json\/wp\/v2\/media?parent=126669"}],"wp:term":[{"taxonomy":"category","embeddable":true,"href":"https:\/\/linitiative.ca\/International\/wp-json\/wp\/v2\/categories?post=126669"},{"taxonomy":"post_tag","embeddable":true,"href":"https:\/\/linitiative.ca\/International\/wp-json\/wp\/v2\/tags?post=126669"}],"curies":[{"name":"wp","href":"https:\/\/api.w.org\/{rel}","templated":true}]}}