{"id":126671,"date":"2021-09-10T12:56:01","date_gmt":"2021-09-10T16:56:01","guid":{"rendered":"https:\/\/linitiative.ca\/International\/elections-2021-au-maroc-communales-le-pi-le-rni-et-le-mp-en-tete-a-meknes\/"},"modified":"2021-09-10T12:56:01","modified_gmt":"2021-09-10T16:56:01","slug":"elections-2021-au-maroc-communales-le-pi-le-rni-et-le-mp-en-tete-a-meknes","status":"publish","type":"post","link":"https:\/\/linitiative.ca\/International\/elections-2021-au-maroc-communales-le-pi-le-rni-et-le-mp-en-tete-a-meknes\/","title":{"rendered":"\u00c9lections 2021 au Maroc. Communales : le PI, le RNI et le MP en t\u00eate \u00e0 Mekn\u00e8s"},"content":{"rendered":"<div><img decoding=\"async\" width=\"2480\" height=\"1655\" src=\"https:\/\/linitiative.ca\/International\/wp-content\/uploads\/sites\/23\/2021\/09\/elections-maroc-1.jpg\" class=\"attachment-post-thumbnail size-post-thumbnail wp-post-image\" alt=\"\" loading=\"lazy\" srcset=\"https:\/\/linitiative.ca\/International\/wp-content\/uploads\/sites\/23\/2021\/09\/elections-maroc-1.jpg 2480w, https:\/\/www.challenge.ma\/wp-content\/uploads\/2021\/09\/elections-maroc-1-300x200.jpg 300w, https:\/\/www.challenge.ma\/wp-content\/uploads\/2021\/09\/elections-maroc-1-1024x683.jpg 1024w, https:\/\/www.challenge.ma\/wp-content\/uploads\/2021\/09\/elections-maroc-1-768x513.jpg 768w, https:\/\/www.challenge.ma\/wp-content\/uploads\/2021\/09\/elections-maroc-1-1536x1025.jpg 1536w, https:\/\/www.challenge.ma\/wp-content\/uploads\/2021\/09\/elections-maroc-1-2048x1367.jpg 2048w, https:\/\/www.challenge.ma\/wp-content\/uploads\/2021\/09\/elections-maroc-1-360x240.jpg 360w, https:\/\/www.challenge.ma\/wp-content\/uploads\/2021\/09\/elections-maroc-1-750x501.jpg 750w\" sizes=\"auto, (max-width: 2480px) 100vw, 2480px\" itemprop=\"image\">Le Parti de l\u2019Istiqlal (PI), le Rassemblement National des Ind\u00e9pendants (RNI) et le Mouvement Populaire (MP) occupent les trois premi\u00e8res places aux \u00e9lections communales au niveau de la pr\u00e9fecture de Mekn\u00e8s, au titre du triple scrutin du 8 septembre. Le PI a occup\u00e9 la premi\u00e8re place, en raflant 136 si\u00e8ges<\/div>\n<p>Auteur: challenge<br \/>\n<a href=\"https:\/\/www.challenge.ma\/elections-2021-au-maroc-communales-le-pi-le-rni-et-le-mp-en-tete-a-meknes-220321\/\">Cliquez ici pour lire l&rsquo;article depuis sa source.<\/a><\/p>\n","protected":false},"excerpt":{"rendered":"<p>Le Parti de l\u2019Istiqlal (PI), le Rassemblement National des Ind\u00e9pendants (RNI) et le Mouvement Populaire (MP) occupent les trois premi\u00e8res places aux \u00e9lections communales au niveau de la pr\u00e9fecture de Mekn\u00e8s, au titre du triple scrutin du 8 septembre. Le PI a occup\u00e9 la premi\u00e8re place, en raflant 136 si\u00e8ges Auteur: challenge Cliquez ici pour [&hellip;]<\/p>\n","protected":false},"author":1787,"featured_media":0,"comment_status":"closed","ping_status":"closed","sticky":false,"template":"","format":"standard","meta":{"fifu_image_url":"https:\/\/www.challenge.ma\/wp-content\/uploads\/2021\/09\/elections-maroc-1.jpg","fifu_image_alt":"\u00c9lections 2021 au Maroc. Communales : le PI, le RNI et le MP en t\u00eate \u00e0 Mekn\u00e8s","footnotes":""},"categories":[78,54],"tags":[],"class_list":["post-126671","post","type-post","status-publish","format-standard","hentry","category-economie","category-maroc"],"_links":{"self":[{"href":"https:\/\/linitiative.ca\/International\/wp-json\/wp\/v2\/posts\/126671","targetHints":{"allow":["GET"]}}],"collection":[{"href":"https:\/\/linitiative.ca\/International\/wp-json\/wp\/v2\/posts"}],"about":[{"href":"https:\/\/linitiative.ca\/International\/wp-json\/wp\/v2\/types\/post"}],"author":[{"embeddable":true,"href":"https:\/\/linitiative.ca\/International\/wp-json\/wp\/v2\/users\/1787"}],"replies":[{"embeddable":true,"href":"https:\/\/linitiative.ca\/International\/wp-json\/wp\/v2\/comments?post=126671"}],"version-history":[{"count":0,"href":"https:\/\/linitiative.ca\/International\/wp-json\/wp\/v2\/posts\/126671\/revisions"}],"wp:attachment":[{"href":"https:\/\/linitiative.ca\/International\/wp-json\/wp\/v2\/media?parent=126671"}],"wp:term":[{"taxonomy":"category","embeddable":true,"href":"https:\/\/linitiative.ca\/International\/wp-json\/wp\/v2\/categories?post=126671"},{"taxonomy":"post_tag","embeddable":true,"href":"https:\/\/linitiative.ca\/International\/wp-json\/wp\/v2\/tags?post=126671"}],"curies":[{"name":"wp","href":"https:\/\/api.w.org\/{rel}","templated":true}]}}