{"id":126673,"date":"2021-09-10T13:00:57","date_gmt":"2021-09-10T17:00:57","guid":{"rendered":"https:\/\/linitiative.ca\/International\/elections-2021-au-maroc-communales-le-rni-largement-en-tete-a-beni-mellal-khenifra\/"},"modified":"2021-09-10T13:00:57","modified_gmt":"2021-09-10T17:00:57","slug":"elections-2021-au-maroc-communales-le-rni-largement-en-tete-a-beni-mellal-khenifra","status":"publish","type":"post","link":"https:\/\/linitiative.ca\/International\/elections-2021-au-maroc-communales-le-rni-largement-en-tete-a-beni-mellal-khenifra\/","title":{"rendered":"\u00c9lections 2021 au Maroc. Communales : le RNI largement en t\u00eate \u00e0 B\u00e9ni Mellal-Kh\u00e9nifra"},"content":{"rendered":"<div><img decoding=\"async\" width=\"1200\" height=\"765\" src=\"https:\/\/linitiative.ca\/International\/wp-content\/uploads\/sites\/23\/2021\/09\/ELgNL5qB4Ve97KUXMOjMb-1-2.jpg\" class=\"attachment-post-thumbnail size-post-thumbnail wp-post-image\" alt=\"\" loading=\"lazy\" srcset=\"https:\/\/linitiative.ca\/International\/wp-content\/uploads\/sites\/23\/2021\/09\/ELgNL5qB4Ve97KUXMOjMb-1-2.jpg 1200w, https:\/\/www.challenge.ma\/wp-content\/uploads\/2021\/09\/ELgNL5qB4Ve97KUXMOjMb-1-2-300x191.jpg 300w, https:\/\/www.challenge.ma\/wp-content\/uploads\/2021\/09\/ELgNL5qB4Ve97KUXMOjMb-1-2-1024x653.jpg 1024w, https:\/\/www.challenge.ma\/wp-content\/uploads\/2021\/09\/ELgNL5qB4Ve97KUXMOjMb-1-2-768x490.jpg 768w\" sizes=\"auto, (max-width: 1200px) 100vw, 1200px\" itemprop=\"image\">Le Rassemblement national des ind\u00e9pendants (RNI) est d\u00e9sormais le parti le plus repr\u00e9sent\u00e9 au sein des conseils communaux au niveau de la r\u00e9gion B\u00e9ni Mellal-Kh\u00e9nifra avec 854 si\u00e8ges, selon les r\u00e9sultats partiels des \u00e9lections du 8 septembre. Le Parti Authenticit\u00e9 et Modernit\u00e9 (PAM) vient en deuxi\u00e8me position avec 601 si\u00e8ges,<\/div>\n<p>Auteur: challenge<br \/>\n<a href=\"https:\/\/www.challenge.ma\/elections-2021-au-maroc-communales-le-rni-largement-en-tete-a-beni-mellal-khenifra-220337\/\">Cliquez ici pour lire l&rsquo;article depuis sa source.<\/a><\/p>\n","protected":false},"excerpt":{"rendered":"<p>Le Rassemblement national des ind\u00e9pendants (RNI) est d\u00e9sormais le parti le plus repr\u00e9sent\u00e9 au sein des conseils communaux au niveau de la r\u00e9gion B\u00e9ni Mellal-Kh\u00e9nifra avec 854 si\u00e8ges, selon les r\u00e9sultats partiels des \u00e9lections du 8 septembre. Le Parti Authenticit\u00e9 et Modernit\u00e9 (PAM) vient en deuxi\u00e8me position avec 601 si\u00e8ges, Auteur: challenge Cliquez ici pour [&hellip;]<\/p>\n","protected":false},"author":1787,"featured_media":0,"comment_status":"closed","ping_status":"closed","sticky":false,"template":"","format":"standard","meta":{"fifu_image_url":"https:\/\/www.challenge.ma\/wp-content\/uploads\/2021\/09\/ELgNL5qB4Ve97KUXMOjMb-1-2.jpg","fifu_image_alt":"\u00c9lections 2021 au Maroc. Communales : le RNI largement en t\u00eate \u00e0 B\u00e9ni Mellal-Kh\u00e9nifra","footnotes":""},"categories":[78,54],"tags":[],"class_list":["post-126673","post","type-post","status-publish","format-standard","hentry","category-economie","category-maroc"],"_links":{"self":[{"href":"https:\/\/linitiative.ca\/International\/wp-json\/wp\/v2\/posts\/126673","targetHints":{"allow":["GET"]}}],"collection":[{"href":"https:\/\/linitiative.ca\/International\/wp-json\/wp\/v2\/posts"}],"about":[{"href":"https:\/\/linitiative.ca\/International\/wp-json\/wp\/v2\/types\/post"}],"author":[{"embeddable":true,"href":"https:\/\/linitiative.ca\/International\/wp-json\/wp\/v2\/users\/1787"}],"replies":[{"embeddable":true,"href":"https:\/\/linitiative.ca\/International\/wp-json\/wp\/v2\/comments?post=126673"}],"version-history":[{"count":0,"href":"https:\/\/linitiative.ca\/International\/wp-json\/wp\/v2\/posts\/126673\/revisions"}],"wp:attachment":[{"href":"https:\/\/linitiative.ca\/International\/wp-json\/wp\/v2\/media?parent=126673"}],"wp:term":[{"taxonomy":"category","embeddable":true,"href":"https:\/\/linitiative.ca\/International\/wp-json\/wp\/v2\/categories?post=126673"},{"taxonomy":"post_tag","embeddable":true,"href":"https:\/\/linitiative.ca\/International\/wp-json\/wp\/v2\/tags?post=126673"}],"curies":[{"name":"wp","href":"https:\/\/api.w.org\/{rel}","templated":true}]}}