{"id":126675,"date":"2021-09-10T15:20:57","date_gmt":"2021-09-10T19:20:57","guid":{"rendered":"https:\/\/linitiative.ca\/International\/elections-2021-au-maroc-s-m-le-roi-nomme-aziz-akhannouch-chef-de-gouvernement\/"},"modified":"2021-09-10T15:20:57","modified_gmt":"2021-09-10T19:20:57","slug":"elections-2021-au-maroc-s-m-le-roi-nomme-aziz-akhannouch-chef-de-gouvernement","status":"publish","type":"post","link":"https:\/\/linitiative.ca\/International\/elections-2021-au-maroc-s-m-le-roi-nomme-aziz-akhannouch-chef-de-gouvernement\/","title":{"rendered":"Elections 2021 au Maroc. S.M. le Roi nomme Aziz Akhannouch Chef de gouvernement"},"content":{"rendered":"<div><img decoding=\"async\" width=\"2560\" height=\"1694\" src=\"https:\/\/linitiative.ca\/International\/wp-content\/uploads\/sites\/23\/2021\/09\/aziz-1-scaled-1.jpeg\" class=\"attachment-post-thumbnail size-post-thumbnail wp-post-image\" alt=\"\" loading=\"lazy\" srcset=\"https:\/\/linitiative.ca\/International\/wp-content\/uploads\/sites\/23\/2021\/09\/aziz-1-scaled-1.jpeg 2560w, https:\/\/www.challenge.ma\/wp-content\/uploads\/2021\/09\/aziz-1-300x199.jpeg 300w, https:\/\/www.challenge.ma\/wp-content\/uploads\/2021\/09\/aziz-1-1024x678.jpeg 1024w, https:\/\/www.challenge.ma\/wp-content\/uploads\/2021\/09\/aziz-1-768x508.jpeg 768w, https:\/\/www.challenge.ma\/wp-content\/uploads\/2021\/09\/aziz-1-1536x1017.jpeg 1536w, https:\/\/www.challenge.ma\/wp-content\/uploads\/2021\/09\/aziz-1-2048x1355.jpeg 2048w, https:\/\/www.challenge.ma\/wp-content\/uploads\/2021\/09\/aziz-1-360x238.jpeg 360w, https:\/\/www.challenge.ma\/wp-content\/uploads\/2021\/09\/aziz-1-750x496.jpeg 750w\" sizes=\"auto, (max-width: 2560px) 100vw, 2560px\" itemprop=\"image\">Suite \u00e0 la victoire du Rassemblement national des ind\u00e9pendants (RNI) lors du scrutin du 8 septembre 2021, le Souverain vient de nommer Aziz Akhannouch, pr\u00e9sident RNI, en tant que nouveau Chef du gouvernement. Sa Majest\u00e9 le Roi Mohammed VI, accompagn\u00e9 de SAR le Prince h\u00e9ritier Moulay El Hassan, a re\u00e7u<\/div>\n<p>Auteur: challenge<br \/>\n<a href=\"https:\/\/www.challenge.ma\/elections-2021-au-maroc-s-m-le-roi-nomme-aziz-akhannouch-chef-de-gouvernement-220432\/\">Cliquez ici pour lire l&rsquo;article depuis sa source.<\/a><\/p>\n","protected":false},"excerpt":{"rendered":"<p>Suite \u00e0 la victoire du Rassemblement national des ind\u00e9pendants (RNI) lors du scrutin du 8 septembre 2021, le Souverain vient de nommer Aziz Akhannouch, pr\u00e9sident RNI, en tant que nouveau Chef du gouvernement. Sa Majest\u00e9 le Roi Mohammed VI, accompagn\u00e9 de SAR le Prince h\u00e9ritier Moulay El Hassan, a re\u00e7u Auteur: challenge Cliquez ici pour [&hellip;]<\/p>\n","protected":false},"author":1787,"featured_media":0,"comment_status":"closed","ping_status":"closed","sticky":false,"template":"","format":"standard","meta":{"fifu_image_url":"https:\/\/www.challenge.ma\/wp-content\/uploads\/2021\/09\/aziz-1-scaled.jpeg","fifu_image_alt":"Elections 2021 au Maroc. S.M. le Roi nomme Aziz Akhannouch Chef de gouvernement","footnotes":""},"categories":[78,54],"tags":[],"class_list":["post-126675","post","type-post","status-publish","format-standard","hentry","category-economie","category-maroc"],"_links":{"self":[{"href":"https:\/\/linitiative.ca\/International\/wp-json\/wp\/v2\/posts\/126675","targetHints":{"allow":["GET"]}}],"collection":[{"href":"https:\/\/linitiative.ca\/International\/wp-json\/wp\/v2\/posts"}],"about":[{"href":"https:\/\/linitiative.ca\/International\/wp-json\/wp\/v2\/types\/post"}],"author":[{"embeddable":true,"href":"https:\/\/linitiative.ca\/International\/wp-json\/wp\/v2\/users\/1787"}],"replies":[{"embeddable":true,"href":"https:\/\/linitiative.ca\/International\/wp-json\/wp\/v2\/comments?post=126675"}],"version-history":[{"count":0,"href":"https:\/\/linitiative.ca\/International\/wp-json\/wp\/v2\/posts\/126675\/revisions"}],"wp:attachment":[{"href":"https:\/\/linitiative.ca\/International\/wp-json\/wp\/v2\/media?parent=126675"}],"wp:term":[{"taxonomy":"category","embeddable":true,"href":"https:\/\/linitiative.ca\/International\/wp-json\/wp\/v2\/categories?post=126675"},{"taxonomy":"post_tag","embeddable":true,"href":"https:\/\/linitiative.ca\/International\/wp-json\/wp\/v2\/tags?post=126675"}],"curies":[{"name":"wp","href":"https:\/\/api.w.org\/{rel}","templated":true}]}}