{"id":126677,"date":"2021-09-10T15:30:00","date_gmt":"2021-09-10T19:30:00","guid":{"rendered":"https:\/\/linitiative.ca\/International\/elections-2021-au-maroc-voici-les-premieres-declarations-du-nouveau-chef-de-gouvernement\/"},"modified":"2021-09-10T15:30:00","modified_gmt":"2021-09-10T19:30:00","slug":"elections-2021-au-maroc-voici-les-premieres-declarations-du-nouveau-chef-de-gouvernement","status":"publish","type":"post","link":"https:\/\/linitiative.ca\/International\/elections-2021-au-maroc-voici-les-premieres-declarations-du-nouveau-chef-de-gouvernement\/","title":{"rendered":"Elections 2021 au Maroc. Voici les premi\u00e8res d\u00e9clarations du nouveau Chef de gouvernement"},"content":{"rendered":"<div><img decoding=\"async\" width=\"768\" height=\"519\" src=\"https:\/\/linitiative.ca\/International\/wp-content\/uploads\/sites\/23\/2021\/09\/aziz1-2.jpeg\" class=\"attachment-post-thumbnail size-post-thumbnail wp-post-image\" alt=\"\" loading=\"lazy\" srcset=\"https:\/\/linitiative.ca\/International\/wp-content\/uploads\/sites\/23\/2021\/09\/aziz1-2.jpeg 768w, https:\/\/www.challenge.ma\/wp-content\/uploads\/2021\/09\/aziz1-2-300x203.jpeg 300w, https:\/\/www.challenge.ma\/wp-content\/uploads\/2021\/09\/aziz1-2-360x243.jpeg 360w, https:\/\/www.challenge.ma\/wp-content\/uploads\/2021\/09\/aziz1-2-750x507.jpeg 750w\" sizes=\"auto, (max-width: 768px) 100vw, 768px\" itemprop=\"image\">Aziz Akhannouch, pr\u00e9sident du RNI (Rassemblement national des ind\u00e9pendants) a \u00e9t\u00e9 nomm\u00e9 Chef de gouvernement, le 10 septembre par S.M. le Roi. Voici ses premi\u00e8res d\u00e9clarations \u00e0 l\u2019issue de son audience avec le Souverain. \u00ab\u00a0Des consultations seront engag\u00e9es avec les partis pour la formation d\u2019une majorit\u00e9 coh\u00e9rente, homog\u00e8ne et porteuse<\/div>\n<p>Auteur: challenge<br \/>\n<a href=\"https:\/\/www.challenge.ma\/elections-2021-au-maroc-voici-les-premieres-declarations-du-nouveau-chef-de-gouvernement-220456\/\">Cliquez ici pour lire l&rsquo;article depuis sa source.<\/a><\/p>\n","protected":false},"excerpt":{"rendered":"<p>Aziz Akhannouch, pr\u00e9sident du RNI (Rassemblement national des ind\u00e9pendants) a \u00e9t\u00e9 nomm\u00e9 Chef de gouvernement, le 10 septembre par S.M. le Roi. Voici ses premi\u00e8res d\u00e9clarations \u00e0 l\u2019issue de son audience avec le Souverain. \u00ab\u00a0Des consultations seront engag\u00e9es avec les partis pour la formation d\u2019une majorit\u00e9 coh\u00e9rente, homog\u00e8ne et porteuse Auteur: challenge Cliquez ici pour [&hellip;]<\/p>\n","protected":false},"author":1787,"featured_media":0,"comment_status":"closed","ping_status":"closed","sticky":false,"template":"","format":"standard","meta":{"fifu_image_url":"https:\/\/www.challenge.ma\/wp-content\/uploads\/2021\/09\/aziz1-2.jpeg","fifu_image_alt":"Elections 2021 au Maroc. Voici les premi\u00e8res d\u00e9clarations du nouveau Chef de gouvernement","footnotes":""},"categories":[78,54],"tags":[],"class_list":["post-126677","post","type-post","status-publish","format-standard","hentry","category-economie","category-maroc"],"_links":{"self":[{"href":"https:\/\/linitiative.ca\/International\/wp-json\/wp\/v2\/posts\/126677","targetHints":{"allow":["GET"]}}],"collection":[{"href":"https:\/\/linitiative.ca\/International\/wp-json\/wp\/v2\/posts"}],"about":[{"href":"https:\/\/linitiative.ca\/International\/wp-json\/wp\/v2\/types\/post"}],"author":[{"embeddable":true,"href":"https:\/\/linitiative.ca\/International\/wp-json\/wp\/v2\/users\/1787"}],"replies":[{"embeddable":true,"href":"https:\/\/linitiative.ca\/International\/wp-json\/wp\/v2\/comments?post=126677"}],"version-history":[{"count":0,"href":"https:\/\/linitiative.ca\/International\/wp-json\/wp\/v2\/posts\/126677\/revisions"}],"wp:attachment":[{"href":"https:\/\/linitiative.ca\/International\/wp-json\/wp\/v2\/media?parent=126677"}],"wp:term":[{"taxonomy":"category","embeddable":true,"href":"https:\/\/linitiative.ca\/International\/wp-json\/wp\/v2\/categories?post=126677"},{"taxonomy":"post_tag","embeddable":true,"href":"https:\/\/linitiative.ca\/International\/wp-json\/wp\/v2\/tags?post=126677"}],"curies":[{"name":"wp","href":"https:\/\/api.w.org\/{rel}","templated":true}]}}