{"id":126681,"date":"2021-09-10T15:59:24","date_gmt":"2021-09-10T19:59:24","guid":{"rendered":"https:\/\/linitiative.ca\/International\/interdiction-de-voyager-lex-president-de-la-federation-tunisienne-de-lhotellerie-je-ne-me-suis-pas-senti-citoyen\/"},"modified":"2021-09-10T15:59:24","modified_gmt":"2021-09-10T19:59:24","slug":"interdiction-de-voyager-lex-president-de-la-federation-tunisienne-de-lhotellerie-je-ne-me-suis-pas-senti-citoyen","status":"publish","type":"post","link":"https:\/\/linitiative.ca\/International\/interdiction-de-voyager-lex-president-de-la-federation-tunisienne-de-lhotellerie-je-ne-me-suis-pas-senti-citoyen\/","title":{"rendered":"Interdiction de voyager- L\u2019ex pr\u00e9sident de la F\u00e9d\u00e9ration Tunisienne de l\u2019H\u00f4tellerie : \u00ab Je ne me suis pas senti citoyen !\u201d"},"content":{"rendered":"<div>\n<p>Dans une d\u00e9claration \u00e0 Tunisienumerique ce vendredi 10 septembre 2021, l\u2019ex-pr\u00e9sident de la F\u00e9d\u00e9ration Tunisienne de l\u2019H\u00f4tellerie, Khaled Fakhfakh a confirm\u00e9, qu\u2019hier, jeudi, il a \u00e9t\u00e9 emp\u00each\u00e9 de voyager alors qu\u2019il se rendait avec sa femme \u00e0 Paris \u00e0 bord d\u2019un avion Air France. Notre interlocuteur a expliqu\u00e9 que son passeport a \u00e9t\u00e9 confisqu\u00e9 par [\u2026]<\/p>\n<p>L\u2019article <a href=\"https:\/\/www.tunisienumerique.com\/interdiction-de-voyager-lex-president-de-la-federation-tunisienne-de-lhotellerie-je-ne-me-suis-pas-senti-citoyen\/\">Interdiction de voyager- L\u2019ex pr\u00e9sident de la F\u00e9d\u00e9ration Tunisienne de l\u2019H\u00f4tellerie : \u00ab Je ne me suis pas senti citoyen !\u201d<\/a> est apparu en premier sur <a href=\"http:\/\/www.tunisienumerique.com\/\">Tunisie<\/a>.<\/p>\n<\/div>\n<p>Auteur: rania ben slimane<br \/>\n<a href=\"https:\/\/www.tunisienumerique.com\/interdiction-de-voyager-lex-president-de-la-federation-tunisienne-de-lhotellerie-je-ne-me-suis-pas-senti-citoyen\/\">Cliquez ici pour lire l&rsquo;article depuis sa source.<\/a><\/p>\n","protected":false},"excerpt":{"rendered":"<p>Dans une d\u00e9claration \u00e0 Tunisienumerique ce vendredi 10 septembre 2021, l\u2019ex-pr\u00e9sident de la F\u00e9d\u00e9ration Tunisienne de l\u2019H\u00f4tellerie, Khaled Fakhfakh a confirm\u00e9, qu\u2019hier, jeudi, il a \u00e9t\u00e9 emp\u00each\u00e9 de voyager alors qu\u2019il se rendait avec sa femme \u00e0 Paris \u00e0 bord d\u2019un avion Air France. Notre interlocuteur a expliqu\u00e9 que son passeport a \u00e9t\u00e9 confisqu\u00e9 par [&hellip;]<\/p>\n","protected":false},"author":1789,"featured_media":0,"comment_status":"closed","ping_status":"closed","sticky":false,"template":"","format":"standard","meta":{"fifu_image_url":"","fifu_image_alt":"","footnotes":""},"categories":[73,55],"tags":[],"class_list":["post-126681","post","type-post","status-publish","format-standard","hentry","category-actualite","category-tunisie"],"_links":{"self":[{"href":"https:\/\/linitiative.ca\/International\/wp-json\/wp\/v2\/posts\/126681","targetHints":{"allow":["GET"]}}],"collection":[{"href":"https:\/\/linitiative.ca\/International\/wp-json\/wp\/v2\/posts"}],"about":[{"href":"https:\/\/linitiative.ca\/International\/wp-json\/wp\/v2\/types\/post"}],"author":[{"embeddable":true,"href":"https:\/\/linitiative.ca\/International\/wp-json\/wp\/v2\/users\/1789"}],"replies":[{"embeddable":true,"href":"https:\/\/linitiative.ca\/International\/wp-json\/wp\/v2\/comments?post=126681"}],"version-history":[{"count":0,"href":"https:\/\/linitiative.ca\/International\/wp-json\/wp\/v2\/posts\/126681\/revisions"}],"wp:attachment":[{"href":"https:\/\/linitiative.ca\/International\/wp-json\/wp\/v2\/media?parent=126681"}],"wp:term":[{"taxonomy":"category","embeddable":true,"href":"https:\/\/linitiative.ca\/International\/wp-json\/wp\/v2\/categories?post=126681"},{"taxonomy":"post_tag","embeddable":true,"href":"https:\/\/linitiative.ca\/International\/wp-json\/wp\/v2\/tags?post=126681"}],"curies":[{"name":"wp","href":"https:\/\/api.w.org\/{rel}","templated":true}]}}