{"id":126684,"date":"2021-09-10T16:41:31","date_gmt":"2021-09-10T20:41:31","guid":{"rendered":"https:\/\/linitiative.ca\/International\/tunisie-video-le-pdl-confie-son-initiative-de-sortie-de-crise-a-lugtt-et-lui-demande-dassumer-sa-responsabilite-historique\/"},"modified":"2021-09-10T16:41:31","modified_gmt":"2021-09-10T20:41:31","slug":"tunisie-video-le-pdl-confie-son-initiative-de-sortie-de-crise-a-lugtt-et-lui-demande-dassumer-sa-responsabilite-historique","status":"publish","type":"post","link":"https:\/\/linitiative.ca\/International\/tunisie-video-le-pdl-confie-son-initiative-de-sortie-de-crise-a-lugtt-et-lui-demande-dassumer-sa-responsabilite-historique\/","title":{"rendered":"Tunisie \u2013 VIDEO\u00a0: Le PDL confie son initiative de sortie de crise \u00e0 l\u2019UGTT et lui demande d\u2019assumer sa responsabilit\u00e9 historique"},"content":{"rendered":"<div>\n<p>La pr\u00e9sidente du PDL, Abir Moussi, a fait une d\u00e9claration \u00e0 sa sortie des bureaux du secr\u00e9taire g\u00e9n\u00e9ral de l\u2019UGTT, Noureddine Tabboubi, avec lequel elle s\u2019est r\u00e9unie, ce vendredi, en compagnie d\u2019un certain nombre de dirigeants du parti. Moussi a d\u00e9clar\u00e9 qu\u2019elle a rencontr\u00e9 Tabboubi, en sa qualit\u00e9 de secr\u00e9taire g\u00e9n\u00e9ral de la centrale syndicale, [\u2026]<\/p>\n<p>L\u2019article <a href=\"https:\/\/www.tunisienumerique.com\/tunisie-video-le-pdl-confie-son-initiative-de-sortie-de-crise-a-lugtt-et-lui-demande-dassumer-sa-responsabilite-historique\/\">Tunisie \u2013 VIDEO\u00a0: Le PDL confie son initiative de sortie de crise \u00e0 l\u2019UGTT et lui demande d\u2019assumer sa responsabilit\u00e9 historique<\/a> est apparu en premier sur <a href=\"http:\/\/www.tunisienumerique.com\/\">Tunisie<\/a>.<\/p>\n<\/div>\n<p>Auteur: LM<br \/>\n<a href=\"https:\/\/www.tunisienumerique.com\/tunisie-video-le-pdl-confie-son-initiative-de-sortie-de-crise-a-lugtt-et-lui-demande-dassumer-sa-responsabilite-historique\/\">Cliquez ici pour lire l&rsquo;article depuis sa source.<\/a><\/p>\n","protected":false},"excerpt":{"rendered":"<p>La pr\u00e9sidente du PDL, Abir Moussi, a fait une d\u00e9claration \u00e0 sa sortie des bureaux du secr\u00e9taire g\u00e9n\u00e9ral de l\u2019UGTT, Noureddine Tabboubi, avec lequel elle s\u2019est r\u00e9unie, ce vendredi, en compagnie d\u2019un certain nombre de dirigeants du parti. Moussi a d\u00e9clar\u00e9 qu\u2019elle a rencontr\u00e9 Tabboubi, en sa qualit\u00e9 de secr\u00e9taire g\u00e9n\u00e9ral de la centrale syndicale, [&hellip;]<\/p>\n","protected":false},"author":1789,"featured_media":0,"comment_status":"closed","ping_status":"closed","sticky":false,"template":"","format":"standard","meta":{"fifu_image_url":"","fifu_image_alt":"","footnotes":""},"categories":[73,55],"tags":[],"class_list":["post-126684","post","type-post","status-publish","format-standard","hentry","category-actualite","category-tunisie"],"_links":{"self":[{"href":"https:\/\/linitiative.ca\/International\/wp-json\/wp\/v2\/posts\/126684","targetHints":{"allow":["GET"]}}],"collection":[{"href":"https:\/\/linitiative.ca\/International\/wp-json\/wp\/v2\/posts"}],"about":[{"href":"https:\/\/linitiative.ca\/International\/wp-json\/wp\/v2\/types\/post"}],"author":[{"embeddable":true,"href":"https:\/\/linitiative.ca\/International\/wp-json\/wp\/v2\/users\/1789"}],"replies":[{"embeddable":true,"href":"https:\/\/linitiative.ca\/International\/wp-json\/wp\/v2\/comments?post=126684"}],"version-history":[{"count":0,"href":"https:\/\/linitiative.ca\/International\/wp-json\/wp\/v2\/posts\/126684\/revisions"}],"wp:attachment":[{"href":"https:\/\/linitiative.ca\/International\/wp-json\/wp\/v2\/media?parent=126684"}],"wp:term":[{"taxonomy":"category","embeddable":true,"href":"https:\/\/linitiative.ca\/International\/wp-json\/wp\/v2\/categories?post=126684"},{"taxonomy":"post_tag","embeddable":true,"href":"https:\/\/linitiative.ca\/International\/wp-json\/wp\/v2\/tags?post=126684"}],"curies":[{"name":"wp","href":"https:\/\/api.w.org\/{rel}","templated":true}]}}