{"id":126685,"date":"2021-09-10T16:50:21","date_gmt":"2021-09-10T20:50:21","guid":{"rendered":"https:\/\/linitiative.ca\/International\/urgent-arrestation-de-deux-des-prisonniers-evades-dune-prison-israelienne\/"},"modified":"2021-09-10T16:50:21","modified_gmt":"2021-09-10T20:50:21","slug":"urgent-arrestation-de-deux-des-prisonniers-evades-dune-prison-israelienne","status":"publish","type":"post","link":"https:\/\/linitiative.ca\/International\/urgent-arrestation-de-deux-des-prisonniers-evades-dune-prison-israelienne\/","title":{"rendered":"URGENT\u00a0: Arrestation de deux des prisonniers \u00e9vad\u00e9s d\u2019une prison isra\u00e9lienne"},"content":{"rendered":"<div>\n<p>Une chaine de t\u00e9l\u00e9vision isra\u00e9lienne vient d\u2019annoncer que les forces de l\u2019ordre de l\u2019entit\u00e9 sioniste ont pu arr\u00eater deux des prisonniers palestiniens qui s\u2019\u00e9taient \u00e9vad\u00e9s d\u2019une prison, il y a quelques jours.<\/p>\n<p>L\u2019article <a href=\"https:\/\/www.tunisienumerique.com\/urgent-arrestation-de-deux-des-prisonniers-evades-dune-prison-israelienne\/\">URGENT\u00a0: Arrestation de deux des prisonniers \u00e9vad\u00e9s d\u2019une prison isra\u00e9lienne<\/a> est apparu en premier sur <a href=\"http:\/\/www.tunisienumerique.com\/\">Tunisie<\/a>.<\/p>\n<\/div>\n<p>Auteur: LM<br \/>\n<a href=\"https:\/\/www.tunisienumerique.com\/urgent-arrestation-de-deux-des-prisonniers-evades-dune-prison-israelienne\/\">Cliquez ici pour lire l&rsquo;article depuis sa source.<\/a><\/p>\n","protected":false},"excerpt":{"rendered":"<p>Une chaine de t\u00e9l\u00e9vision isra\u00e9lienne vient d\u2019annoncer que les forces de l\u2019ordre de l\u2019entit\u00e9 sioniste ont pu arr\u00eater deux des prisonniers palestiniens qui s\u2019\u00e9taient \u00e9vad\u00e9s d\u2019une prison, il y a quelques jours. L\u2019article URGENT\u00a0: Arrestation de deux des prisonniers \u00e9vad\u00e9s d\u2019une prison isra\u00e9lienne est apparu en premier sur Tunisie. Auteur: LM Cliquez ici pour lire [&hellip;]<\/p>\n","protected":false},"author":1789,"featured_media":0,"comment_status":"closed","ping_status":"closed","sticky":false,"template":"","format":"standard","meta":{"fifu_image_url":"","fifu_image_alt":"","footnotes":""},"categories":[73,55],"tags":[],"class_list":["post-126685","post","type-post","status-publish","format-standard","hentry","category-actualite","category-tunisie"],"_links":{"self":[{"href":"https:\/\/linitiative.ca\/International\/wp-json\/wp\/v2\/posts\/126685","targetHints":{"allow":["GET"]}}],"collection":[{"href":"https:\/\/linitiative.ca\/International\/wp-json\/wp\/v2\/posts"}],"about":[{"href":"https:\/\/linitiative.ca\/International\/wp-json\/wp\/v2\/types\/post"}],"author":[{"embeddable":true,"href":"https:\/\/linitiative.ca\/International\/wp-json\/wp\/v2\/users\/1789"}],"replies":[{"embeddable":true,"href":"https:\/\/linitiative.ca\/International\/wp-json\/wp\/v2\/comments?post=126685"}],"version-history":[{"count":0,"href":"https:\/\/linitiative.ca\/International\/wp-json\/wp\/v2\/posts\/126685\/revisions"}],"wp:attachment":[{"href":"https:\/\/linitiative.ca\/International\/wp-json\/wp\/v2\/media?parent=126685"}],"wp:term":[{"taxonomy":"category","embeddable":true,"href":"https:\/\/linitiative.ca\/International\/wp-json\/wp\/v2\/categories?post=126685"},{"taxonomy":"post_tag","embeddable":true,"href":"https:\/\/linitiative.ca\/International\/wp-json\/wp\/v2\/tags?post=126685"}],"curies":[{"name":"wp","href":"https:\/\/api.w.org\/{rel}","templated":true}]}}