{"id":126686,"date":"2021-09-09T18:17:08","date_gmt":"2021-09-09T22:17:08","guid":{"rendered":"https:\/\/linitiative.ca\/International\/attaques-terroristes-en-2h-30-mn-nous-pouvons-fournir-linformation-officielle-le-ministre-ousseni-tamboura\/"},"modified":"2021-09-09T18:17:08","modified_gmt":"2021-09-09T22:17:08","slug":"attaques-terroristes-en-2h-30-mn-nous-pouvons-fournir-linformation-officielle-le-ministre-ousseni-tamboura","status":"publish","type":"post","link":"https:\/\/linitiative.ca\/International\/attaques-terroristes-en-2h-30-mn-nous-pouvons-fournir-linformation-officielle-le-ministre-ousseni-tamboura\/","title":{"rendered":"Attaques terroristes  : \u00ab\u00a0En 2h 30 mn, nous pouvons fournir l\u2019information officielle\u00a0\u00bb, le ministre Ouss\u00e9ni Tamboura"},"content":{"rendered":"<div>\n<p><strong>La conf\u00e9rence inaugurale du \u00ab Refresher Bobo 2021 \u00bb de l\u2019Union catholique africaine de la presse (UCAP) Burkina a \u00e9t\u00e9 anim\u00e9e, le jeudi 9 septembre 2021 dans la ville de Sya. Le conf\u00e9rencier, Ouss\u00e9ni Tamboura, par ailleurs ministre de la Communication et des Relations avec le parlement, s\u2019est pench\u00e9 sur le th\u00e8me : \u00ab M\u00e9diatiser sans promouvoir l\u2019ins\u00e9curit\u00e9 : r\u00f4le et devoir des journalistes et des m\u00e9dias \u00bb.<\/strong><\/p>\n<figure id=\"attachment_39365\" aria-describedby=\"caption-attachment-39365\" style=\"width: 300px\" class=\"wp-caption alignleft\"><img decoding=\"async\" loading=\"lazy\" class=\"wp-image-39365 size-medium\" src=\"https:\/\/linitiative.ca\/International\/wp-content\/uploads\/sites\/23\/2021\/09\/3-8-300x225-1.jpg\" alt=\"\" width=\"300\" height=\"225\" srcset=\"https:\/\/linitiative.ca\/International\/wp-content\/uploads\/sites\/23\/2021\/09\/3-8-300x225-1.jpg 300w, https:\/\/www.sidwaya.info\/wp-content\/uploads\/2021\/09\/3-8-150x113.jpg 150w, https:\/\/www.sidwaya.info\/wp-content\/uploads\/2021\/09\/3-8-559x420.jpg 559w, https:\/\/www.sidwaya.info\/wp-content\/uploads\/2021\/09\/3-8-80x60.jpg 80w, https:\/\/www.sidwaya.info\/wp-content\/uploads\/2021\/09\/3-8-265x198.jpg 265w, https:\/\/www.sidwaya.info\/wp-content\/uploads\/2021\/09\/3-8.jpg 595w\" sizes=\"auto, (max-width: 300px) 100vw, 300px\"><figcaption id=\"caption-attachment-39365\" class=\"wp-caption-text\">Plusieurs communications seront faites au cours de ce \u00ab\u00a0Refresher\u00a0\u00bb.<\/figcaption><\/figure>\n<p>Comment les m\u00e9dias et journalistes peuvent-ils m\u00e9diatiser sans promouvoir l\u2019ins\u00e9curit\u00e9\u00a0? C\u2019est \u00e0 cette question que le ministre de la Communication et des Relations avec le parlement, Ouss\u00e9ni Tamboura, a r\u00e9pondu le jeudi 9 septembre \u00e0 Bobo-Dioulasso, dans le cadre de la conf\u00e9rence inaugurale du \u00ab\u00a0Refresher Bobo 2021\u00a0\u00bb de l\u2019Union catholique africaine de la presse (UCAP) Burkina. Rappelant les attaques terroristes au Burkina Faso depuis leur d\u00e9but en 2015 \u00e0 Samorogouan et le 15 janvier 2016 simultan\u00e9ment \u00e0 Ouagadougou (CAPUCINO) et Djibo (enl\u00e8vement du Dr Elliot), le conf\u00e9rencier a relev\u00e9 que les pouvoirs publics ont engag\u00e9 une restructuration de l\u2019arm\u00e9e (\u00e9quipement, formation, renseignements, loi de programmation militaire) pour faire face \u00e0 cette menace de type nouveau. A cela, il a ajout\u00e9 \u00e0 la r\u00e9ponse socio\u00e9conomique (PUS, PADEL), l\u2019op\u00e9rationnalisation des Volontaires pour la d\u00e9fense de la patrie (VDP) et la r\u00e9forme de la justice (p\u00f4le judicaire de lutte contre le terrorisme). Dans ce contexte, a signifi\u00e9 M. Tamboura, les fausses informations sur les r\u00e9seaux sociaux, \u00ab\u00a0fille a\u00een\u00e9e du terrorisme\u00a0\u00bb, touchaient au moral des troupes et \u00ab\u00a0faisaient autant de d\u00e9g\u00e2ts\u00a0\u00bb que les armes des terroristes. Le gouvernement, a-t-il poursuivi, a donc modifi\u00e9 le Code p\u00e9nal pour \u00ab\u00a0se donner les moyens de ne pas affaiblir la lutte\u00a0\u00bb. \u00ab\u00a0Cette modification n\u2019a restreint en rien la libert\u00e9 de presse\u00a0\u00bb, a pr\u00e9cis\u00e9 Ouss\u00e9ni Tamboura qui a toutefois relev\u00e9 le cas de l\u2019audition d\u2019un m\u00e9dia de la place pour publication de fausse information sur une suppos\u00e9e attaque d\u2019un car sur l\u2019axe Dori-Sebba au lendemain de l\u2019attaque de Solhan. Il a \u00e9galement relev\u00e9 l\u2019audition de citoyens qui publient des fausses informations ou des informations sensibles sur les r\u00e9seaux sociaux. Le conf\u00e9rencier a surtout appel\u00e9 les journalistes \u00e0 respecter l\u2019\u00e9thique et la d\u00e9ontologie de leur m\u00e9tier en consid\u00e9rant que les m\u00e9dias ne sont pas en marge de cette guerre qui est aussi celle de l\u2019information.<\/p>\n<h1 style=\"text-align: center\"><strong>Le circuit de l\u2019information officielle<\/strong><\/h1>\n<p>La d\u00e9mobilisation des VDP (une fois la lutte finie), la lenteur de la r\u00e9action des gouvernants dans l\u2019information (communiqu\u00e9) sur les attaques, les difficult\u00e9s d\u2019acc\u00e8s \u00e0 l\u2019information et l\u2019insuffisance de la concertation avant la modification du Code p\u00e9nal ont \u00e9t\u00e9 les pr\u00e9occupations des participants venus du B\u00e9nin, du Burkina Faso, de la C\u00f4te d\u2019Ivoire, du Mali et du S\u00e9n\u00e9gal. Pour la d\u00e9mobilisation des VDP, le conf\u00e9rencier a pr\u00e9cis\u00e9 qu\u2019il s\u2019agit d\u2019auxiliaires des Forces de d\u00e9fense et de s\u00e9curit\u00e9 (FDS) qui se sont volontairement et patriotiquement engag\u00e9s. \u00ab Au moment venu, leur d\u00e9mobilisation se fera de sorte \u00e0 ce qu\u2019ils r\u00e9int\u00e8grent la soci\u00e9t\u00e9 \u00bb, a-t-il promis. Quant \u00e0 la lenteur de la r\u00e9action du gouvernement, M. Tamboura a estim\u00e9 qu\u2019il s\u2019agit du d\u00e9fi de l\u2019information officielle.<\/p>\n<p><img decoding=\"async\" loading=\"lazy\" class=\"size-medium wp-image-39364 alignright\" src=\"https:\/\/linitiative.ca\/International\/wp-content\/uploads\/sites\/23\/2021\/09\/2-13-300x225-1.jpg\" alt=\"\" width=\"300\" height=\"225\" srcset=\"https:\/\/linitiative.ca\/International\/wp-content\/uploads\/sites\/23\/2021\/09\/2-13-300x225-1.jpg 300w, https:\/\/www.sidwaya.info\/wp-content\/uploads\/2021\/09\/2-13-150x113.jpg 150w, https:\/\/www.sidwaya.info\/wp-content\/uploads\/2021\/09\/2-13-559x420.jpg 559w, https:\/\/www.sidwaya.info\/wp-content\/uploads\/2021\/09\/2-13-80x60.jpg 80w, https:\/\/www.sidwaya.info\/wp-content\/uploads\/2021\/09\/2-13-265x198.jpg 265w, https:\/\/www.sidwaya.info\/wp-content\/uploads\/2021\/09\/2-13.jpg 595w\" sizes=\"auto, (max-width: 300px) 100vw, 300px\">\u00ab En cas d\u2019attaque par exemple, la source qui est l\u2019autorit\u00e9 la plus proche, dispose de 15 mn pour nous donner l\u2019information de fa\u00e7on num\u00e9rique \u2026 Nous avons 30 \u00e0 45 mn pour recouper l\u2019information. L\u2019\u00e9v\u00e9nement est ensuite soumis pour analyse de deux cellules qui disposent de 30 mn pour nous proposer le type de communication adapt\u00e9e. On d\u00e9cide ainsi du texte qu\u2019il faut envoyer en primeur \u2026 En principe, \u00e0 une heure quinze minutes (1h15mn), ceux qui sont dans notre centre de diffusion doivent avoir l\u2019information brute. En 2h30 mn, nous pouvons fournir l\u2019information officielle \u00bb, a-t-il d\u00e9taill\u00e9. \u00ab Actions de Solidarit\u00e9 en faveur des d\u00e9plac\u00e9s internes: \u00e9tat des lieux et perspectives \u00bb, \u00ab Des m\u00e9dias traditionnels aux m\u00e9dias sociaux : quelles attitudes en p\u00e9riode de crise s\u00e9curitaire ? \u00bb et \u00ab Traitement de l\u2019information sur les attaques terroristes : \u00e9tat des lieux des relations Arm\u00e9e-M\u00e9dias \u00bb sont les autres conf\u00e9rences qui vont meubler ce \u00ab Refresher \u00bb du 8 au 13 septembre dans la capitale \u00e9conomique.<\/p>\n<p style=\"text-align: right\"><strong> Jean-Marie TOE <\/strong><\/p>\n<p>L\u2019article <a rel=\"nofollow\" href=\"https:\/\/www.sidwaya.info\/blog\/2021\/09\/09\/attaques-terroristes-en-2h-30-mn-nous-pouvons-fournir-linformation-officielle-le-ministre-ousseni-tamboura\/\">Attaques terroristes  : \u00ab\u00a0En 2h 30 mn, nous pouvons fournir l\u2019information officielle\u00a0\u00bb, le ministre Ouss\u00e9ni Tamboura<\/a> est apparu en premier sur <a rel=\"nofollow\" href=\"https:\/\/www.sidwaya.info\/\">Quotidien Sidwaya<\/a>.<\/p>\n<\/div>\n<p>Auteur: BM. Sidwaya<br \/>\n<a href=\"https:\/\/www.sidwaya.info\/blog\/2021\/09\/09\/attaques-terroristes-en-2h-30-mn-nous-pouvons-fournir-linformation-officielle-le-ministre-ousseni-tamboura\/\">Cliquez ici pour lire l&rsquo;article depuis sa source.<\/a><\/p>\n","protected":false},"excerpt":{"rendered":"<p>La conf\u00e9rence inaugurale du \u00ab Refresher Bobo 2021 \u00bb de l\u2019Union catholique africaine de la presse (UCAP) Burkina a \u00e9t\u00e9 anim\u00e9e, le jeudi 9 septembre 2021 dans la ville de Sya. Le conf\u00e9rencier, Ouss\u00e9ni Tamboura, par ailleurs ministre de la Communication et des Relations avec le parlement, s\u2019est pench\u00e9 sur le th\u00e8me : \u00ab M\u00e9diatiser [&hellip;]<\/p>\n","protected":false},"author":1816,"featured_media":0,"comment_status":"closed","ping_status":"closed","sticky":false,"template":"","format":"standard","meta":{"fifu_image_url":"https:\/\/www.sidwaya.info\/wp-content\/uploads\/2021\/09\/3-8-300x225.jpg","fifu_image_alt":"Attaques terroristes  : \u00ab\u00a0En 2h 30 mn, nous pouvons fournir l\u2019information officielle\u00a0\u00bb, le ministre Ouss\u00e9ni Tamboura","footnotes":""},"categories":[73,81],"tags":[],"class_list":["post-126686","post","type-post","status-publish","format-standard","hentry","category-actualite","category-burkina-faso"],"_links":{"self":[{"href":"https:\/\/linitiative.ca\/International\/wp-json\/wp\/v2\/posts\/126686","targetHints":{"allow":["GET"]}}],"collection":[{"href":"https:\/\/linitiative.ca\/International\/wp-json\/wp\/v2\/posts"}],"about":[{"href":"https:\/\/linitiative.ca\/International\/wp-json\/wp\/v2\/types\/post"}],"author":[{"embeddable":true,"href":"https:\/\/linitiative.ca\/International\/wp-json\/wp\/v2\/users\/1816"}],"replies":[{"embeddable":true,"href":"https:\/\/linitiative.ca\/International\/wp-json\/wp\/v2\/comments?post=126686"}],"version-history":[{"count":0,"href":"https:\/\/linitiative.ca\/International\/wp-json\/wp\/v2\/posts\/126686\/revisions"}],"wp:attachment":[{"href":"https:\/\/linitiative.ca\/International\/wp-json\/wp\/v2\/media?parent=126686"}],"wp:term":[{"taxonomy":"category","embeddable":true,"href":"https:\/\/linitiative.ca\/International\/wp-json\/wp\/v2\/categories?post=126686"},{"taxonomy":"post_tag","embeddable":true,"href":"https:\/\/linitiative.ca\/International\/wp-json\/wp\/v2\/tags?post=126686"}],"curies":[{"name":"wp","href":"https:\/\/api.w.org\/{rel}","templated":true}]}}