{"id":12669,"date":"2019-02-09T12:28:58","date_gmt":"2019-02-09T17:28:58","guid":{"rendered":"https:\/\/linitiative.ca\/International\/upline-courtage-se-penche-sur-le-risque-dimpayes\/"},"modified":"2019-02-09T12:28:58","modified_gmt":"2019-02-09T17:28:58","slug":"upline-courtage-se-penche-sur-le-risque-dimpayes","status":"publish","type":"post","link":"https:\/\/linitiative.ca\/International\/upline-courtage-se-penche-sur-le-risque-dimpayes\/","title":{"rendered":"Upline Courtage se penche sur le risque d\u2019impay\u00e9s"},"content":{"rendered":"<p>La filiale de la <strong>BCP<\/strong> poursuit ses efforts de vulgarisation des services d\u2019assurance en mati\u00e8re de pr\u00e9voyance et de protection.<\/p>\n<div class=\"c10\"\/>\n<p>L\u2019assureur-conseil du groupe bancaire a ainsi organis\u00e9 la deuxi\u00e8me \u00e9dition de ses rendez-vous trimestriels \u00ab Matinales d\u2019Upline Courtage \u00bb autour d\u2019une th\u00e9matique d\u2019actualit\u00e9, \u00ab Risque d\u2019impay\u00e9s : quelles solutions pour les entreprises ? \u00bb.<\/p>\n<p>Dans un contexte \u00e9conomique marqu\u00e9 par l\u2019accroissement des d\u00e9fauts de paiement, Upline Courtage a pu, \u00e0 travers cette Matinale, interagir avec les clients et les acteurs du march\u00e9 quant aux solutions de pr\u00e9vention et de protection \u00e0 adopter face au <strong>risque d\u2019impay\u00e9s<\/strong> qu\u2019encourent les\u00a0entreprises.<\/p>\n<p>\u00ab Le choix de cette th\u00e9matique s\u2019inscrit dans une d\u00e9marche proactive visant \u00e0 accompagner nos clients dans le maintien et le d\u00e9veloppement de leurs activit\u00e9s. Dans ce sens, il est important de d\u00e9velopper avec eux des solutions adapt\u00e9es \u00e0 leurs profils de risque \u00bb, explique Kamal Moumny, directeur g\u00e9n\u00e9ral d\u2019Upline Courtage.<\/p>\n<p>Marqu\u00e9e par l\u2019intervention d\u2019Amine Diouri, directeur \u00c9tudes et Communication de la soci\u00e9t\u00e9\u00a0Inforisk, sp\u00e9cialiste du renseignement commercial sur les soci\u00e9t\u00e9s marocaines, la deuxi\u00e8me \u00e9dition des \u00ab Matinale d\u2019<strong>Upline Courtage<\/strong> \u00bb a connu la participation d\u2019entreprises Corporate, Middle Market et PME, des assureurs-cr\u00e9dit et des experts de la place.<\/p>\n<div class=\"c17\">\n<fieldset class=\"c16\">\n<legend><strong><span class=\"c11\">Challenge<\/span><span class=\"c12\">news<\/span><\/strong><\/legend>\n<div class=\"c15\">Le meilleur de la r\u00e9daction s\u00e9lectionn\u00e9 par Challenge :<\/p>\n<\/div>\n<\/fieldset>\n<\/div>\n","protected":false},"excerpt":{"rendered":"<p>La filiale de la BCP poursuit ses efforts de vulgarisation des services d\u2019assurance en mati\u00e8re de pr\u00e9voyance et de protection. L\u2019assureur-conseil du groupe bancaire a ainsi organis\u00e9 la deuxi\u00e8me \u00e9dition de ses rendez-vous trimestriels \u00ab Matinales d\u2019Upline Courtage \u00bb autour d\u2019une th\u00e9matique d\u2019actualit\u00e9, \u00ab Risque d\u2019impay\u00e9s : quelles solutions pour les entreprises ? \u00bb. Dans [&hellip;]<\/p>\n","protected":false},"author":1787,"featured_media":0,"comment_status":"closed","ping_status":"closed","sticky":false,"template":"","format":"standard","meta":{"fifu_image_url":"","fifu_image_alt":"","footnotes":""},"categories":[78,54],"tags":[],"class_list":["post-12669","post","type-post","status-publish","format-standard","hentry","category-economie","category-maroc"],"_links":{"self":[{"href":"https:\/\/linitiative.ca\/International\/wp-json\/wp\/v2\/posts\/12669","targetHints":{"allow":["GET"]}}],"collection":[{"href":"https:\/\/linitiative.ca\/International\/wp-json\/wp\/v2\/posts"}],"about":[{"href":"https:\/\/linitiative.ca\/International\/wp-json\/wp\/v2\/types\/post"}],"author":[{"embeddable":true,"href":"https:\/\/linitiative.ca\/International\/wp-json\/wp\/v2\/users\/1787"}],"replies":[{"embeddable":true,"href":"https:\/\/linitiative.ca\/International\/wp-json\/wp\/v2\/comments?post=12669"}],"version-history":[{"count":0,"href":"https:\/\/linitiative.ca\/International\/wp-json\/wp\/v2\/posts\/12669\/revisions"}],"wp:attachment":[{"href":"https:\/\/linitiative.ca\/International\/wp-json\/wp\/v2\/media?parent=12669"}],"wp:term":[{"taxonomy":"category","embeddable":true,"href":"https:\/\/linitiative.ca\/International\/wp-json\/wp\/v2\/categories?post=12669"},{"taxonomy":"post_tag","embeddable":true,"href":"https:\/\/linitiative.ca\/International\/wp-json\/wp\/v2\/tags?post=12669"}],"curies":[{"name":"wp","href":"https:\/\/api.w.org\/{rel}","templated":true}]}}