{"id":126692,"date":"2021-09-10T09:25:34","date_gmt":"2021-09-10T13:25:34","guid":{"rendered":"https:\/\/linitiative.ca\/International\/cote-divoire-un-avion-de-combats-disparu\/"},"modified":"2021-09-10T09:25:34","modified_gmt":"2021-09-10T13:25:34","slug":"cote-divoire-un-avion-de-combats-disparu","status":"publish","type":"post","link":"https:\/\/linitiative.ca\/International\/cote-divoire-un-avion-de-combats-disparu\/","title":{"rendered":"Cote d\u2019ivoire\u00a0: Un avion de combats disparu"},"content":{"rendered":"<div>\n<p>La C\u00f4te d\u2019Ivoire a perdu un de ses avions de combats. \u00a0\u00ab\u00a0Un h\u00e9licopt\u00e8re de l\u2019arm\u00e9e ivoirienne, en mission de reconnaissance sur la ligne frontali\u00e8re nord, a perdu tout contact avec la station de contr\u00f4le, vers 02 h du matin, aux environs de Ferkessedougou et en direction de Korhogo. Les recherches sont en cours pour localiser l\u2019appareil qui, \u00e0 priori, se serait crash\u00e9. Les pr\u00e9cisions vous seront communiqu\u00e9es ult\u00e9rieurement\u00a0\u00bb, rapporte un communiqu\u00e9, en date de ce vendredi 10 septembre 2021, sign\u00e9 du chef du Bureau d\u2019information et de presse des arm\u00e9es (Bipa).<\/p>\n<p>R\u00e9daction<\/p>\n<p>L\u2019article <a rel=\"nofollow\" href=\"https:\/\/www.sidwaya.info\/blog\/2021\/09\/10\/cote-divoire-un-avion-de-combats-disparu\/\">Cote d\u2019ivoire\u00a0: Un avion de combats disparu<\/a> est apparu en premier sur <a rel=\"nofollow\" href=\"https:\/\/www.sidwaya.info\/\">Quotidien Sidwaya<\/a>.<\/p>\n<\/div>\n<p>Auteur: BS. Sidwaya<br \/>\n<a href=\"https:\/\/www.sidwaya.info\/blog\/2021\/09\/10\/cote-divoire-un-avion-de-combats-disparu\/\">Cliquez ici pour lire l&rsquo;article depuis sa source.<\/a><\/p>\n","protected":false},"excerpt":{"rendered":"<p>La C\u00f4te d\u2019Ivoire a perdu un de ses avions de combats. \u00a0\u00ab\u00a0Un h\u00e9licopt\u00e8re de l\u2019arm\u00e9e ivoirienne, en mission de reconnaissance sur la ligne frontali\u00e8re nord, a perdu tout contact avec la station de contr\u00f4le, vers 02 h du matin, aux environs de Ferkessedougou et en direction de Korhogo. Les recherches sont en cours pour localiser [&hellip;]<\/p>\n","protected":false},"author":1816,"featured_media":0,"comment_status":"closed","ping_status":"closed","sticky":false,"template":"","format":"standard","meta":{"fifu_image_url":"","fifu_image_alt":"","footnotes":""},"categories":[73,81],"tags":[],"class_list":["post-126692","post","type-post","status-publish","format-standard","hentry","category-actualite","category-burkina-faso"],"_links":{"self":[{"href":"https:\/\/linitiative.ca\/International\/wp-json\/wp\/v2\/posts\/126692","targetHints":{"allow":["GET"]}}],"collection":[{"href":"https:\/\/linitiative.ca\/International\/wp-json\/wp\/v2\/posts"}],"about":[{"href":"https:\/\/linitiative.ca\/International\/wp-json\/wp\/v2\/types\/post"}],"author":[{"embeddable":true,"href":"https:\/\/linitiative.ca\/International\/wp-json\/wp\/v2\/users\/1816"}],"replies":[{"embeddable":true,"href":"https:\/\/linitiative.ca\/International\/wp-json\/wp\/v2\/comments?post=126692"}],"version-history":[{"count":0,"href":"https:\/\/linitiative.ca\/International\/wp-json\/wp\/v2\/posts\/126692\/revisions"}],"wp:attachment":[{"href":"https:\/\/linitiative.ca\/International\/wp-json\/wp\/v2\/media?parent=126692"}],"wp:term":[{"taxonomy":"category","embeddable":true,"href":"https:\/\/linitiative.ca\/International\/wp-json\/wp\/v2\/categories?post=126692"},{"taxonomy":"post_tag","embeddable":true,"href":"https:\/\/linitiative.ca\/International\/wp-json\/wp\/v2\/tags?post=126692"}],"curies":[{"name":"wp","href":"https:\/\/api.w.org\/{rel}","templated":true}]}}