{"id":126695,"date":"2021-09-10T14:18:02","date_gmt":"2021-09-10T18:18:02","guid":{"rendered":"https:\/\/linitiative.ca\/International\/deces-a-paris-de-charles-konan-banny-ex-gouverneur-de-la-bceao\/"},"modified":"2021-09-10T14:18:02","modified_gmt":"2021-09-10T18:18:02","slug":"deces-a-paris-de-charles-konan-banny-ex-gouverneur-de-la-bceao","status":"publish","type":"post","link":"https:\/\/linitiative.ca\/International\/deces-a-paris-de-charles-konan-banny-ex-gouverneur-de-la-bceao\/","title":{"rendered":"D\u00e9c\u00e8s \u00e0 Paris de Charles Konan Banny, ex-gouverneur de la Bceao"},"content":{"rendered":"<div>\n<p><img loading=\"lazy\" decoding=\"async\" width=\"688\" height=\"515\" src=\"https:\/\/linitiative.ca\/International\/wp-content\/uploads\/sites\/23\/2021\/09\/16312978824942.jpg\" class=\"attachment-post-thumbnail size-post-thumbnail wp-post-image\" alt=\"\" srcset=\"https:\/\/linitiative.ca\/International\/wp-content\/uploads\/sites\/23\/2021\/09\/16312978824942.jpg 688w, https:\/\/www.journalducameroun.com\/wp-content\/uploads\/2021\/09\/16312978824942-300x225.jpg 300w, https:\/\/www.journalducameroun.com\/wp-content\/uploads\/2021\/09\/16312978824942-588x440.jpg 588w, https:\/\/www.journalducameroun.com\/wp-content\/uploads\/2021\/09\/16312978824942-600x449.jpg 600w\" sizes=\"auto, (max-width: 688px) 100vw, 688px\"><\/p>\n<p>L&rsquo;ancien Premier ministre ivoirien, Charles Konan Banny, ex-gouverneur de la Banque centrale des \u00c9tats de l&rsquo;Afrique de l&rsquo;Ouest (Bceao), est d\u00e9c\u00e9d\u00e9 vendredi \u00e0 Paris des suites de la Covid-19, selon des sources concordantes.<\/p>\n<p>L&rsquo;ancien Premier ministre ivoirien, malade depuis quelques semaines, avait \u00e9t\u00e9 \u00e9vacu\u00e9 \u00e0 Paris pour des soins. Il a plong\u00e9 dans le coma pendant plusieurs heures avant de tirer sa r\u00e9f\u00e9rence, ce vendredi.<\/p>\n<p>\u00c9conomiste de formation, Charles Konan Banny d\u00e9bute en 1976 sa carri\u00e8re de banquier \u00a0\u00e0 la Bceao. Dix ans plus tard, il devient directeur national de la Banque centrale pour la C\u00f4te d&rsquo;Ivoire.<\/p>\n<p>\u00a0M. Banny devient officiellement gouverneur de la Bceao le 1er janvier 1994. Il \u00e9tait auparavant gouverneur par int\u00e9rim de l&rsquo;institution de 1990 \u00e0 1993, apr\u00e8s que Alassane Ouattara, a \u00e9t\u00e9 nomm\u00e9 Premier ministre Ivoirien sous l&rsquo;\u00e8re de feu F\u00e9lix Houphou\u00ebt-Boigny.<\/p>\n<p>Il \u00e9tait \u00a0aux commandes de la Bceao jusqu&rsquo;en 2005. \u00c0 la suite de la crise politico-militaire dans son pays, il est nomm\u00e9 Premier ministre de C\u00f4te d&rsquo;Ivoire le 4 d\u00e9cembre 2005 et demeurera \u00e0 ce poste jusqu&rsquo;au 29 mars 2007.<\/p>\n<p>L&rsquo;ancien Premier ministre Charles Konan Banny a \u00e9t\u00e9 le pr\u00e9sident de la \u00ab Commission pour le dialogue, la v\u00e9rit\u00e9 et la r\u00e9conciliation \u00bb en C\u00f4te d&rsquo;Ivoire de septembre 2011 \u00e0 d\u00e9cembre 2014.<\/p>\n<p>Cet article <a rel=\"nofollow\" href=\"https:\/\/www.journalducameroun.com\/deces-a-paris-de-charles-konan-banny-ex-gouverneur-de-la-bceao\/\">D\u00e9c\u00e8s \u00e0 Paris de Charles Konan Banny, ex-gouverneur de la Bceao<\/a> est apparu en premier sur <a rel=\"nofollow\" href=\"https:\/\/www.journalducameroun.com\/\">Journal du Cameroun<\/a>.<\/p>\n<\/div>\n<p>Auteur: APA News<br \/>\n<a href=\"https:\/\/www.journalducameroun.com\/deces-a-paris-de-charles-konan-banny-ex-gouverneur-de-la-bceao\/\">Cliquez ici pour lire l&rsquo;article depuis sa source.<\/a><\/p>\n","protected":false},"excerpt":{"rendered":"<p>L&rsquo;ancien Premier ministre ivoirien, Charles Konan Banny, ex-gouverneur de la Banque centrale des \u00c9tats de l&rsquo;Afrique de l&rsquo;Ouest (Bceao), est d\u00e9c\u00e9d\u00e9 vendredi \u00e0 Paris des suites de la Covid-19, selon des sources concordantes. L&rsquo;ancien Premier ministre ivoirien, malade depuis quelques semaines, avait \u00e9t\u00e9 \u00e9vacu\u00e9 \u00e0 Paris pour des soins. Il a plong\u00e9 dans le coma [&hellip;]<\/p>\n","protected":false},"author":1965,"featured_media":0,"comment_status":"closed","ping_status":"closed","sticky":false,"template":"","format":"standard","meta":{"fifu_image_url":"https:\/\/www.journalducameroun.com\/wp-content\/uploads\/2021\/09\/16312978824942.jpg","fifu_image_alt":"D\u00e9c\u00e8s \u00e0 Paris de Charles Konan Banny, ex-gouverneur de la Bceao","footnotes":""},"categories":[73,82],"tags":[],"class_list":["post-126695","post","type-post","status-publish","format-standard","hentry","category-actualite","category-cameroun"],"_links":{"self":[{"href":"https:\/\/linitiative.ca\/International\/wp-json\/wp\/v2\/posts\/126695","targetHints":{"allow":["GET"]}}],"collection":[{"href":"https:\/\/linitiative.ca\/International\/wp-json\/wp\/v2\/posts"}],"about":[{"href":"https:\/\/linitiative.ca\/International\/wp-json\/wp\/v2\/types\/post"}],"author":[{"embeddable":true,"href":"https:\/\/linitiative.ca\/International\/wp-json\/wp\/v2\/users\/1965"}],"replies":[{"embeddable":true,"href":"https:\/\/linitiative.ca\/International\/wp-json\/wp\/v2\/comments?post=126695"}],"version-history":[{"count":0,"href":"https:\/\/linitiative.ca\/International\/wp-json\/wp\/v2\/posts\/126695\/revisions"}],"wp:attachment":[{"href":"https:\/\/linitiative.ca\/International\/wp-json\/wp\/v2\/media?parent=126695"}],"wp:term":[{"taxonomy":"category","embeddable":true,"href":"https:\/\/linitiative.ca\/International\/wp-json\/wp\/v2\/categories?post=126695"},{"taxonomy":"post_tag","embeddable":true,"href":"https:\/\/linitiative.ca\/International\/wp-json\/wp\/v2\/tags?post=126695"}],"curies":[{"name":"wp","href":"https:\/\/api.w.org\/{rel}","templated":true}]}}