{"id":126699,"date":"2021-09-10T15:16:26","date_gmt":"2021-09-10T19:16:26","guid":{"rendered":"https:\/\/linitiative.ca\/International\/cameroun-lue-offre-pres-de-100-millions-de-fcfa-a-long-kmer-tech-pour-des-solutions-technologiques-contre-le-covid-19\/"},"modified":"2021-09-10T15:16:26","modified_gmt":"2021-09-10T19:16:26","slug":"cameroun-lue-offre-pres-de-100-millions-de-fcfa-a-long-kmer-tech-pour-des-solutions-technologiques-contre-le-covid-19","status":"publish","type":"post","link":"https:\/\/linitiative.ca\/International\/cameroun-lue-offre-pres-de-100-millions-de-fcfa-a-long-kmer-tech-pour-des-solutions-technologiques-contre-le-covid-19\/","title":{"rendered":"Cameroun : l\u2019UE offre pr\u00e8s de 100 millions de FCFA \u00e0 l\u2019ONG Kmer Tech pour des solutions technologiques contre le Covid-19"},"content":{"rendered":"<div>\n<p><img loading=\"lazy\" decoding=\"async\" width=\"2339\" height=\"1302\" src=\"https:\/\/linitiative.ca\/International\/wp-content\/uploads\/sites\/23\/2021\/09\/Echange-de-parapheurs-entre-Steve-Tchumba-prC3A9sident-de-Kmet-Tech-et-S.E.-Philippe-Van-Damme-amabassadeur-de-lUE-au-Cameroun-.jpg\" class=\"attachment-post-thumbnail size-post-thumbnail wp-post-image\" alt=\"\" srcset=\"https:\/\/linitiative.ca\/International\/wp-content\/uploads\/sites\/23\/2021\/09\/Echange-de-parapheurs-entre-Steve-Tchumba-prC3A9sident-de-Kmet-Tech-et-S.E.-Philippe-Van-Damme-amabassadeur-de-lUE-au-Cameroun-.jpg 2339w, https:\/\/www.journalducameroun.com\/wp-content\/uploads\/2021\/09\/Echange-de-parapheurs-entre-Steve-Tchumba-pr\u00e9sident-de-Kmet-Tech-et-S.E.-Philippe-Van-Damme-amabassadeur-de-lUE-au-Cameroun--300x167.jpg 300w, https:\/\/www.journalducameroun.com\/wp-content\/uploads\/2021\/09\/Echange-de-parapheurs-entre-Steve-Tchumba-pr\u00e9sident-de-Kmet-Tech-et-S.E.-Philippe-Van-Damme-amabassadeur-de-lUE-au-Cameroun--768x428.jpg 768w, https:\/\/www.journalducameroun.com\/wp-content\/uploads\/2021\/09\/Echange-de-parapheurs-entre-Steve-Tchumba-pr\u00e9sident-de-Kmet-Tech-et-S.E.-Philippe-Van-Damme-amabassadeur-de-lUE-au-Cameroun--1024x570.jpg 1024w, https:\/\/www.journalducameroun.com\/wp-content\/uploads\/2021\/09\/Echange-de-parapheurs-entre-Steve-Tchumba-pr\u00e9sident-de-Kmet-Tech-et-S.E.-Philippe-Van-Damme-amabassadeur-de-lUE-au-Cameroun--160x90.jpg 160w, https:\/\/www.journalducameroun.com\/wp-content\/uploads\/2021\/09\/Echange-de-parapheurs-entre-Steve-Tchumba-pr\u00e9sident-de-Kmet-Tech-et-S.E.-Philippe-Van-Damme-amabassadeur-de-lUE-au-Cameroun--240x135.jpg 240w, https:\/\/www.journalducameroun.com\/wp-content\/uploads\/2021\/09\/Echange-de-parapheurs-entre-Steve-Tchumba-pr\u00e9sident-de-Kmet-Tech-et-S.E.-Philippe-Van-Damme-amabassadeur-de-lUE-au-Cameroun--790x440.jpg 790w, https:\/\/www.journalducameroun.com\/wp-content\/uploads\/2021\/09\/Echange-de-parapheurs-entre-Steve-Tchumba-pr\u00e9sident-de-Kmet-Tech-et-S.E.-Philippe-Van-Damme-amabassadeur-de-lUE-au-Cameroun--600x334.jpg 600w\" sizes=\"auto, (max-width: 2339px) 100vw, 2339px\"><\/p>\n<h5 style=\"text-align: justify;\">Le financement doit concr\u00e9tiser le projet Kmer-Tech T-I-E (Tech \u2013 innovation \u2013 Entrepreneurship), pour lequel le contrat de partenariat a \u00e9t\u00e9 sign\u00e9 ce 10 septembre 2021.<\/h5>\n<p style=\"text-align: justify;\">\n<p style=\"text-align: justify;\">\n<p style=\"text-align: justify;\">Lutter contre la pand\u00e9mie du <strong>Coronavirus<\/strong> \u00e0 travers les nouvelles technologies. C\u2019est ce que vise l\u2019ONG Kmr Tech \u00e0 travers son projet Tech \u2013 innovation \u2013 Entrepreneurship soutenu par l\u2019<strong>Union europ\u00e9enne<\/strong> \u00e0 hauteur de 150\u00a0000 euros. Le contrat de partenariat y aff\u00e9rent a \u00e9t\u00e9 sign\u00e9 \u00e0 ce vendredi \u00e0 Yaound\u00e9. En pr\u00e9sence du\u00a0ministre l&rsquo;Economie sociale et de l&rsquo;artisanat, <strong>Achille. Bassilekin III<\/strong>\u00a0et de S.E. Philippe Van Damme, ambassadeur de l&rsquo;UE au Cameroun.<\/p>\n<p style=\"text-align: justify;\">La r\u00e9alisation du projet <strong>Kmr Tech T-I-E<\/strong> va\u00a0 consister notamment \u00e0 former les entreprises et organisations op\u00e9rant dans le d\u00e9veloppement des technologies innovantes. 100 managers de plusieurs villes prendront part aux ateliers organis\u00e9s en vue de renforcer leurs capacit\u00e9s et acqu\u00e9rir des mat\u00e9riels informatiques et \u00e9quipements de bureau.<\/p>\n<p style=\"text-align: justify;\">Le projet ambitionne ensuite former les startups\/entrepreneurs dans leurs domaines respectifs. Afin de les rendre apte \u00e0 proposer notamment des solutions applicables dans la lutte contre la pand\u00e9mie du Coronavirus.<\/p>\n<p style=\"text-align: justify;\">KMR Tech annonce pour le 10 novembre prochain, la tenue d\u2019une conf\u00e9rence nationale Tech \u2013 innovation \u2013 Entrepreneurship. Vont y prendre part, 50 acteurs de T-I-E dans les secteurs de la sant\u00e9, l\u2019\u00e9ducation, et finance\/commerce, et plus de 3000 personnes en ligne. Il sera question pendant cette conf\u00e9rence de faire un \u00e9tat des attentes de la soci\u00e9t\u00e9 vis-\u00e0-vis des startups. Apr\u00e8s quoi, une comp\u00e9tition sera lanc\u00e9e \u00e0 leur intention. Le concours \u00ab\u00a0<strong><em>KmerTech T-I-E champion<\/em>\u00a0<\/strong>\u00bb va r\u00e9compenser les six meilleures solutions qui appliquent la technologie et l\u2019innovation dans les secteurs de la sant\u00e9, l\u2019\u00e9ducation et\u00a0 la finance\/commerce.<\/p>\n<p style=\"text-align: justify;\">A travers toutes ces activit\u00e9s, Kmer Tech devrait mieux affirmer sa mission. Celle\u00a0 d\u2019accompagnement et \u00a0promotion de l\u2019entreprenariat technologique et innovant. En vue de booster l\u2019\u00e9conomie num\u00e9rique au Cameroun. \u00a0Cr\u00e9\u00e9 en juin 2020, elle est un r\u00e9seau d\u2019incubateurs, d\u2019acc\u00e9l\u00e9rateurs, de Flabays ayant de l\u2019exp\u00e9rience dans le suivi \u00a0des jeunes entrepreneurs \u00e0 travers des programmes et des formations.<\/p>\n<p>Cet article <a rel=\"nofollow\" href=\"https:\/\/www.journalducameroun.com\/cameroun-lue-offre-pres-de-100-millions-de-fcfa-a-long-kmer-tech-pour-des-solutions-technologiques-contre-le-covid-19-cameroun\/\">Cameroun : l\u2019UE offre pr\u00e8s de 100 millions de FCFA \u00e0 l\u2019ONG Kmer Tech pour des solutions technologiques contre le Covid-19<\/a> est apparu en premier sur <a rel=\"nofollow\" href=\"https:\/\/www.journalducameroun.com\/\">Journal du Cameroun<\/a>.<\/p>\n<\/div>\n<p>Auteur: Christian DJIMADEU<br \/>\n<a href=\"https:\/\/www.journalducameroun.com\/cameroun-lue-offre-pres-de-100-millions-de-fcfa-a-long-kmer-tech-pour-des-solutions-technologiques-contre-le-covid-19-cameroun\/\">Cliquez ici pour lire l&rsquo;article depuis sa source.<\/a><\/p>\n","protected":false},"excerpt":{"rendered":"<p>Le financement doit concr\u00e9tiser le projet Kmer-Tech T-I-E (Tech \u2013 innovation \u2013 Entrepreneurship), pour lequel le contrat de partenariat a \u00e9t\u00e9 sign\u00e9 ce 10 septembre 2021. Lutter contre la pand\u00e9mie du Coronavirus \u00e0 travers les nouvelles technologies. C\u2019est ce que vise l\u2019ONG Kmr Tech \u00e0 travers son projet Tech \u2013 innovation \u2013 Entrepreneurship soutenu par [&hellip;]<\/p>\n","protected":false},"author":1965,"featured_media":0,"comment_status":"closed","ping_status":"closed","sticky":false,"template":"","format":"standard","meta":{"fifu_image_url":"https:\/\/www.journalducameroun.com\/wp-content\/uploads\/2021\/09\/Echange-de-parapheurs-entre-Steve-Tchumba-pr\u00e9sident-de-Kmet-Tech-et-S.E.-Philippe-Van-Damme-amabassadeur-de-lUE-au-Cameroun-.jpg","fifu_image_alt":"Cameroun : l\u2019UE offre pr\u00e8s de 100 millions de FCFA \u00e0 l\u2019ONG Kmer Tech pour des solutions technologiques contre le Covid-19","footnotes":""},"categories":[73,82],"tags":[],"class_list":["post-126699","post","type-post","status-publish","format-standard","hentry","category-actualite","category-cameroun"],"_links":{"self":[{"href":"https:\/\/linitiative.ca\/International\/wp-json\/wp\/v2\/posts\/126699","targetHints":{"allow":["GET"]}}],"collection":[{"href":"https:\/\/linitiative.ca\/International\/wp-json\/wp\/v2\/posts"}],"about":[{"href":"https:\/\/linitiative.ca\/International\/wp-json\/wp\/v2\/types\/post"}],"author":[{"embeddable":true,"href":"https:\/\/linitiative.ca\/International\/wp-json\/wp\/v2\/users\/1965"}],"replies":[{"embeddable":true,"href":"https:\/\/linitiative.ca\/International\/wp-json\/wp\/v2\/comments?post=126699"}],"version-history":[{"count":0,"href":"https:\/\/linitiative.ca\/International\/wp-json\/wp\/v2\/posts\/126699\/revisions"}],"wp:attachment":[{"href":"https:\/\/linitiative.ca\/International\/wp-json\/wp\/v2\/media?parent=126699"}],"wp:term":[{"taxonomy":"category","embeddable":true,"href":"https:\/\/linitiative.ca\/International\/wp-json\/wp\/v2\/categories?post=126699"},{"taxonomy":"post_tag","embeddable":true,"href":"https:\/\/linitiative.ca\/International\/wp-json\/wp\/v2\/tags?post=126699"}],"curies":[{"name":"wp","href":"https:\/\/api.w.org\/{rel}","templated":true}]}}