{"id":12670,"date":"2019-02-09T10:10:13","date_gmt":"2019-02-09T15:10:13","guid":{"rendered":"https:\/\/linitiative.ca\/International\/ligue-des-champions-lesperance-de-tunis-se-prepare-pour-affronter-orlando-pirates\/"},"modified":"2019-02-09T10:10:13","modified_gmt":"2019-02-09T15:10:13","slug":"ligue-des-champions-lesperance-de-tunis-se-prepare-pour-affronter-orlando-pirates","status":"publish","type":"post","link":"https:\/\/linitiative.ca\/International\/ligue-des-champions-lesperance-de-tunis-se-prepare-pour-affronter-orlando-pirates\/","title":{"rendered":"Ligue des champions : L\u2019Esp\u00e9rance de Tunis se pr\u00e9pare pour affronter Orlando Pirates"},"content":{"rendered":"<div class=\"nc_socialPanel swp_flatFresh swp_d_fullColor swp_i_fullColor swp_o_fullColor scale-100 scale-fullWidth\" data-position=\"none\" data-float=\"floatNone\" data-count=\"5\" data-floatcolor=\"#ffffff\" data-emphasize=\"0\">\n<div class=\"nc_tweetContainer totes totesalt\" data-id=\"6\"><span class=\"swp_count\"><span class=\"swp_label\">Partages<\/span> 0<\/span><\/div>\n<\/div>\n<p>L\u2019Esp\u00e9rance Sportive de Tunis recevra les sud-africains d\u2019Orlando Pirates le mardi 12 f\u00e9vrier au stade d\u2019El\u00a0Menzah\u00a0dans le cadre de la 4\u00e8me journ\u00e9e de la Ligue des champions africaine.<span>\u00a0<\/span><\/p>\n<p>La premi\u00e8re s\u00e9ance s\u2019est d\u00e9roul\u00e9e hier vendredi en pr\u00e9vision de cette rencontre.<span>\u00a0<\/span><\/p>\n<div class=\"code-block code-block-1 c5\"><ins class=\"adsbygoogle c4\" data-ad-layout=\"in-article\" data-ad-format=\"fluid\" data-ad-client=\"ca-pub-2102118777505746\" data-ad-slot=\"7301775417\"\/> <\/div>\n<p>Le cadre technique de l\u2019\u00e9quipe de Bab\u00a0Souika\u00a0a mis en place un programme de pr\u00e9paration particulier \u00e0 cette confrontation, qui comprend quatre s\u00e9ances d\u2019entra\u00eenement du vendredi au lundi, \u00e0 raison d\u2019une s\u00e9ance par jour.<span>\u00a0<\/span><\/p>\n<p>D\u2019autre part, le coach\u00a0Mouine\u00a0Chaabani\u00a0ne pourrait pas encore compter sur les services du duo bless\u00e9 Khalil\u00a0Chammam\u00a0et le Libyen\u00a0Hamdou\u00a0Elhouni.<\/p>\n<div class=\"mvp-org-wrap mvp-org-logo\" itemprop=\"publisher\" itemscope=\"\" itemtype=\"https:\/\/schema.org\/Organization\"><img decoding=\"async\" src=\"https:\/\/sport.tunisienumerique.com\/wp-content\/uploads\/2017\/05\/logo_tunisie_numerique.png\"\/><\/div>\n<div class=\"nc_socialPanel swp_flatFresh swp_d_fullColor swp_i_fullColor swp_o_fullColor scale-100 scale-fullWidth\" data-position=\"none\" data-float=\"floatNone\" data-count=\"5\" data-floatcolor=\"#ffffff\" data-emphasize=\"0\">\n<div class=\"nc_tweetContainer totes totesalt\" data-id=\"6\"><span class=\"swp_count\"><span class=\"swp_label\">Partages<\/span> 0<\/span><\/div>\n<\/div>\n<div class=\"mvp-related-posts left relative\">\n<h4 class=\"post-header\"><span class=\"post-header\">Lire aussi<\/span><\/h4>\n<\/div>\n","protected":false},"excerpt":{"rendered":"<p>Partages 0 L\u2019Esp\u00e9rance Sportive de Tunis recevra les sud-africains d\u2019Orlando Pirates le mardi 12 f\u00e9vrier au stade d\u2019El\u00a0Menzah\u00a0dans le cadre de la 4\u00e8me journ\u00e9e de la Ligue des champions africaine.\u00a0 La premi\u00e8re s\u00e9ance s\u2019est d\u00e9roul\u00e9e hier vendredi en pr\u00e9vision de cette rencontre.\u00a0 Le cadre technique de l\u2019\u00e9quipe de Bab\u00a0Souika\u00a0a mis en place un programme de [&hellip;]<\/p>\n","protected":false},"author":1789,"featured_media":12671,"comment_status":"closed","ping_status":"closed","sticky":false,"template":"","format":"standard","meta":{"fifu_image_url":"","fifu_image_alt":"","footnotes":""},"categories":[73,55],"tags":[],"class_list":["post-12670","post","type-post","status-publish","format-standard","has-post-thumbnail","hentry","category-actualite","category-tunisie"],"_links":{"self":[{"href":"https:\/\/linitiative.ca\/International\/wp-json\/wp\/v2\/posts\/12670","targetHints":{"allow":["GET"]}}],"collection":[{"href":"https:\/\/linitiative.ca\/International\/wp-json\/wp\/v2\/posts"}],"about":[{"href":"https:\/\/linitiative.ca\/International\/wp-json\/wp\/v2\/types\/post"}],"author":[{"embeddable":true,"href":"https:\/\/linitiative.ca\/International\/wp-json\/wp\/v2\/users\/1789"}],"replies":[{"embeddable":true,"href":"https:\/\/linitiative.ca\/International\/wp-json\/wp\/v2\/comments?post=12670"}],"version-history":[{"count":0,"href":"https:\/\/linitiative.ca\/International\/wp-json\/wp\/v2\/posts\/12670\/revisions"}],"wp:featuredmedia":[{"embeddable":true,"href":"https:\/\/linitiative.ca\/International\/wp-json\/"}],"wp:attachment":[{"href":"https:\/\/linitiative.ca\/International\/wp-json\/wp\/v2\/media?parent=12670"}],"wp:term":[{"taxonomy":"category","embeddable":true,"href":"https:\/\/linitiative.ca\/International\/wp-json\/wp\/v2\/categories?post=12670"},{"taxonomy":"post_tag","embeddable":true,"href":"https:\/\/linitiative.ca\/International\/wp-json\/wp\/v2\/tags?post=12670"}],"curies":[{"name":"wp","href":"https:\/\/api.w.org\/{rel}","templated":true}]}}