{"id":126701,"date":"2021-09-10T16:18:01","date_gmt":"2021-09-10T20:18:01","guid":{"rendered":"https:\/\/linitiative.ca\/International\/maroc-le-roi-mohammed-vi-nomme-aziz-akhannouch-nouveau-chef-du-gouvernement\/"},"modified":"2021-09-10T16:18:01","modified_gmt":"2021-09-10T20:18:01","slug":"maroc-le-roi-mohammed-vi-nomme-aziz-akhannouch-nouveau-chef-du-gouvernement","status":"publish","type":"post","link":"https:\/\/linitiative.ca\/International\/maroc-le-roi-mohammed-vi-nomme-aziz-akhannouch-nouveau-chef-du-gouvernement\/","title":{"rendered":"Maroc : Le Roi Mohammed VI nomme Aziz Akhannouch nouveau chef du gouvernement"},"content":{"rendered":"<div>\n<p><img loading=\"lazy\" decoding=\"async\" width=\"720\" height=\"540\" src=\"https:\/\/linitiative.ca\/International\/wp-content\/uploads\/sites\/23\/2021\/09\/16313050824557.jpg\" class=\"attachment-post-thumbnail size-post-thumbnail wp-post-image\" alt=\"\" srcset=\"https:\/\/linitiative.ca\/International\/wp-content\/uploads\/sites\/23\/2021\/09\/16313050824557.jpg 720w, https:\/\/www.journalducameroun.com\/wp-content\/uploads\/2021\/09\/16313050824557-300x225.jpg 300w, https:\/\/www.journalducameroun.com\/wp-content\/uploads\/2021\/09\/16313050824557-587x440.jpg 587w, https:\/\/www.journalducameroun.com\/wp-content\/uploads\/2021\/09\/16313050824557-600x450.jpg 600w\" sizes=\"auto, (max-width: 720px) 100vw, 720px\"><\/p>\n<p>Le Roi Mohammed VI a re\u00e7u ce vendredi \u00e0 F\u00e8s, le pr\u00e9sident du Rassemblement national des ind\u00e9pendant (RNI) Aziz Akhannouch, qui l&rsquo;a nomm\u00e9 Chef du gouvernement.M. Akhannouch a \u00e9t\u00e9 charg\u00e9 par le souverain, conform\u00e9ment \u00e0 l&rsquo;article 47 de la Constitution, de former le nouveau gouvernement.<\/p>\n<p>A l&rsquo;issue du scrutin l\u00e9gislatif du 8 septembre, le RNI a d\u00e9croch\u00e9 102 si\u00e8ges au Parlement, arrivant en t\u00eate d&rsquo;une course \u00e9lectorale qui \u00e9t\u00e9 marqu\u00e9e par un \u00e9chec retentissant du Parti de la Justice et du D\u00e9veloppement (PJD).<\/p>\n<p>Le parti de r\u00e9f\u00e9rentiel islamique n&rsquo;a remport\u00e9 que 13 si\u00e8ges parlementaires, perdant 90 % de ses \u00e9lus.<\/p>\n<p>Le pr\u00e9sident du RNI doit d\u00e9sormais engager des tractations en vue de former une coalition gouvernementale.<\/p>\n<p>Cet article <a rel=\"nofollow\" href=\"https:\/\/www.journalducameroun.com\/maroc-le-roi-mohammed-vi-nomme-aziz-akhannouch-nouveau-chef-du-gouvernement\/\">Maroc : Le Roi Mohammed VI nomme Aziz Akhannouch nouveau chef du gouvernement<\/a> est apparu en premier sur <a rel=\"nofollow\" href=\"https:\/\/www.journalducameroun.com\/\">Journal du Cameroun<\/a>.<\/p>\n<\/div>\n<p>Auteur: APA News<br \/>\n<a href=\"https:\/\/www.journalducameroun.com\/maroc-le-roi-mohammed-vi-nomme-aziz-akhannouch-nouveau-chef-du-gouvernement\/\">Cliquez ici pour lire l&rsquo;article depuis sa source.<\/a><\/p>\n","protected":false},"excerpt":{"rendered":"<p>Le Roi Mohammed VI a re\u00e7u ce vendredi \u00e0 F\u00e8s, le pr\u00e9sident du Rassemblement national des ind\u00e9pendant (RNI) Aziz Akhannouch, qui l&rsquo;a nomm\u00e9 Chef du gouvernement.M. Akhannouch a \u00e9t\u00e9 charg\u00e9 par le souverain, conform\u00e9ment \u00e0 l&rsquo;article 47 de la Constitution, de former le nouveau gouvernement. A l&rsquo;issue du scrutin l\u00e9gislatif du 8 septembre, le RNI [&hellip;]<\/p>\n","protected":false},"author":1965,"featured_media":0,"comment_status":"closed","ping_status":"closed","sticky":false,"template":"","format":"standard","meta":{"fifu_image_url":"https:\/\/www.journalducameroun.com\/wp-content\/uploads\/2021\/09\/16313050824557.jpg","fifu_image_alt":"Maroc : Le Roi Mohammed VI nomme Aziz Akhannouch nouveau chef du gouvernement","footnotes":""},"categories":[73,82],"tags":[],"class_list":["post-126701","post","type-post","status-publish","format-standard","hentry","category-actualite","category-cameroun"],"_links":{"self":[{"href":"https:\/\/linitiative.ca\/International\/wp-json\/wp\/v2\/posts\/126701","targetHints":{"allow":["GET"]}}],"collection":[{"href":"https:\/\/linitiative.ca\/International\/wp-json\/wp\/v2\/posts"}],"about":[{"href":"https:\/\/linitiative.ca\/International\/wp-json\/wp\/v2\/types\/post"}],"author":[{"embeddable":true,"href":"https:\/\/linitiative.ca\/International\/wp-json\/wp\/v2\/users\/1965"}],"replies":[{"embeddable":true,"href":"https:\/\/linitiative.ca\/International\/wp-json\/wp\/v2\/comments?post=126701"}],"version-history":[{"count":0,"href":"https:\/\/linitiative.ca\/International\/wp-json\/wp\/v2\/posts\/126701\/revisions"}],"wp:attachment":[{"href":"https:\/\/linitiative.ca\/International\/wp-json\/wp\/v2\/media?parent=126701"}],"wp:term":[{"taxonomy":"category","embeddable":true,"href":"https:\/\/linitiative.ca\/International\/wp-json\/wp\/v2\/categories?post=126701"},{"taxonomy":"post_tag","embeddable":true,"href":"https:\/\/linitiative.ca\/International\/wp-json\/wp\/v2\/tags?post=126701"}],"curies":[{"name":"wp","href":"https:\/\/api.w.org\/{rel}","templated":true}]}}